{"id":179631,"date":"2026-04-06T12:25:25","date_gmt":"2026-04-06T15:25:25","guid":{"rendered":"https:\/\/www.cronicasdeitarantim.com.br\/v1\/?p=179631"},"modified":"2026-04-06T12:25:25","modified_gmt":"2026-04-06T15:25:25","slug":"mulheres-vitimas-da-tragedia-em-itambe-apos-onibus-invadir-rodoviaria-foram-identificadas","status":"publish","type":"post","link":"https:\/\/www.cronicasdeitarantim.com.br\/v1\/2026\/04\/06\/mulheres-vitimas-da-tragedia-em-itambe-apos-onibus-invadir-rodoviaria-foram-identificadas\/","title":{"rendered":"Mulheres v\u00edtimas da trag\u00e9dia em Itamb\u00e9 ap\u00f3s \u00f4nibus invadir rodovi\u00e1ria foram identificadas"},"content":{"rendered":"<h4>As duas mulheres que morreram na trag\u00e9dia do \u00f4nibus da Rota Transporte, que invadiu um ponto de rodovi\u00e1ria em Itamb\u00e9, foram identificadas.<\/h4>\n<h4>Elas foram identificadas pelos nomes de Danyele Jeniffer, de 20 anos, e Janete Silva, de 51 anos.<\/h4>\n<h4>De acordo com informa\u00e7\u00f5es apuradas pela reda\u00e7\u00e3o do portal Cr\u00f4nicas de Itarantim, as mulheres eram da regi\u00e3o de Ribeir\u00e3o do Largo, no distrito de Nova Bras\u00edlia.<\/h4>\n<h4>A trag\u00e9dia ocorreu na manh\u00e3 desta segunda-feira, 6 de abril, e deixou outras pessoas gravemente feridas, que est\u00e3o internadas no hospital de Vit\u00f3ria da Conquista.<\/h4>\n","protected":false},"excerpt":{"rendered":"<p>As duas mulheres que morreram na trag\u00e9dia do \u00f4nibus da Rota Transporte, que invadiu um ponto de rodovi\u00e1ria em Itamb\u00e9, foram identificadas. Elas foram identificadas pelos nomes de Danyele Jeniffer, de 20 anos, e Janete Silva, de 51 anos. De acordo com informa\u00e7\u00f5es apuradas pela reda\u00e7\u00e3o do portal Cr\u00f4nicas de Itarantim, as mulheres eram da regi\u00e3o de Ribeir\u00e3o do Largo, no distrito de Nova Bras\u00edlia. A trag\u00e9dia ocorreu na manh\u00e3 desta segunda-feira, 6 de abril, e deixou outras pessoas gravemente feridas, que est\u00e3o internadas no hospital de Vit\u00f3ria da Conquista.<\/p>\n","protected":false},"author":4,"featured_media":179632,"comment_status":"open","ping_status":"open","sticky":false,"template":"","format":"standard","meta":[],"categories":[306],"tags":[],"_links":{"self":[{"href":"https:\/\/www.cronicasdeitarantim.com.br\/v1\/wp-json\/wp\/v2\/posts\/179631"}],"collection":[{"href":"https:\/\/www.cronicasdeitarantim.com.br\/v1\/wp-json\/wp\/v2\/posts"}],"about":[{"href":"https:\/\/www.cronicasdeitarantim.com.br\/v1\/wp-json\/wp\/v2\/types\/post"}],"author":[{"embeddable":true,"href":"https:\/\/www.cronicasdeitarantim.com.br\/v1\/wp-json\/wp\/v2\/users\/4"}],"replies":[{"embeddable":true,"href":"https:\/\/www.cronicasdeitarantim.com.br\/v1\/wp-json\/wp\/v2\/comments?post=179631"}],"version-history":[{"count":1,"href":"https:\/\/www.cronicasdeitarantim.com.br\/v1\/wp-json\/wp\/v2\/posts\/179631\/revisions"}],"predecessor-version":[{"id":179633,"href":"https:\/\/www.cronicasdeitarantim.com.br\/v1\/wp-json\/wp\/v2\/posts\/179631\/revisions\/179633"}],"wp:featuredmedia":[{"embeddable":true,"href":"https:\/\/www.cronicasdeitarantim.com.br\/v1\/wp-json\/wp\/v2\/media\/179632"}],"wp:attachment":[{"href":"https:\/\/www.cronicasdeitarantim.com.br\/v1\/wp-json\/wp\/v2\/media?parent=179631"}],"wp:term":[{"taxonomy":"category","embeddable":true,"href":"https:\/\/www.cronicasdeitarantim.com.br\/v1\/wp-json\/wp\/v2\/categories?post=179631"},{"taxonomy":"post_tag","embeddable":true,"href":"https:\/\/www.cronicasdeitarantim.com.br\/v1\/wp-json\/wp\/v2\/tags?post=179631"}],"curies":[{"name":"wp","href":"https:\/\/api.w.org\/{rel}","templated":true}]}}