{"id":179614,"date":"2026-04-04T22:37:14","date_gmt":"2026-04-05T01:37:14","guid":{"rendered":"https:\/\/www.cronicasdeitarantim.com.br\/v1\/?p=179614"},"modified":"2026-04-04T22:37:14","modified_gmt":"2026-04-05T01:37:14","slug":"violencia-baianos-encontrados-mortos-na-paraiba-se-mudaram-ha-2-meses-para-trabalhar","status":"publish","type":"post","link":"https:\/\/www.cronicasdeitarantim.com.br\/v1\/2026\/04\/04\/violencia-baianos-encontrados-mortos-na-paraiba-se-mudaram-ha-2-meses-para-trabalhar\/","title":{"rendered":"Viol\u00eancia: Baianos encontrados mortos na Para\u00edba se mudaram h\u00e1 2 meses para trabalhar"},"content":{"rendered":"<div class=\"conteudo_post\">\n<p>O Instituto M\u00e9dico Legal (IML) de Jo\u00e3o Pessoa confirmou, neste s\u00e1bado (4), que os quatro corpos encontrados em uma \u00e1rea de mata no bairro Brisamar pertencem aos trabalhadores baianos desaparecidos desde a \u00faltima ter\u00e7a-feira (31). As v\u00edtimas, que atuavam na constru\u00e7\u00e3o civil, haviam se mudado para a Para\u00edba h\u00e1 apenas dois meses para trabalhar em uma obra local.<\/p>\n<p>Os homens foram identificados como:<\/p>\n<p><b>\u2013 Cleibson Jaques<\/b>, 31 anos, de Campo Formoso;<br \/>\n\u2013\u00a0<b>Lucas Bispo<\/b>, de Campo Formoso;<br \/>\n\u2013\u00a0<b>Sidclei Silva<\/b>, 21 anos, de Morro do Chap\u00e9u;<br \/>\n\u2013\u00a0<b>Gism\u00e1rio Santos<\/b>, 23 anos, de Morro do Chap\u00e9u.<\/p>\n<p><b>Mudan\u00e7a repentina<\/b><\/p>\n<p>Familiares das v\u00edtimas chegaram \u00e0 capital paraibana para a libera\u00e7\u00e3o dos corpos neste s\u00e1bado (4). Em depoimento, a vi\u00fava de Gism\u00e1rio Santos relatou que o marido aceitou a transfer\u00eancia de forma repentina e demonstrava inseguran\u00e7a por n\u00e3o conhecer a regi\u00e3o.<\/p>\n<p>O \u00faltimo contato com as fam\u00edlias ocorreu na noite de ter\u00e7a-feira, 31 de mar\u00e7o, como informou a imprensa local. Segundo relatos, uma chamada de v\u00eddeo de um dos trabalhadores foi interrompida abruptamente ap\u00f3s homens invadirem a casa de apoio onde o grupo estava hospedado, em Bayeux. O motorista da empresa encontrou o im\u00f3vel revirado na manh\u00e3 seguinte.<\/p>\n<p><b>Trabalhadores executados<\/b><\/p>\n<p>Os corpos foram localizados ap\u00f3s moradores denunciarem o abandono de um ve\u00edculo roubado que exalava forte odor. Segundo a per\u00edcia t\u00e9cnica, os homens foram executados a tiros h\u00e1 cerca de dois dias.<\/p>\n<p>A investiga\u00e7\u00e3o tamb\u00e9m indica que houve tortura. Tr\u00eas dos quatro homens estavam com as m\u00e3os amarradas para tr\u00e1s.<\/p>\n<p>Imagens de c\u00e2meras de seguran\u00e7a registraram quatro suspeitos fugindo em uma \u00fanica motocicleta ap\u00f3s abandonarem o carro com os corpos.<\/p>\n<p>Os corpos de Gism\u00e1rio e Sidclei ser\u00e3o transladados para sepultamento na Bahia. A Pol\u00edcia Civil da Para\u00edba mant\u00e9m as investiga\u00e7\u00f5es sob sigilo para identificar a autoria e a motiva\u00e7\u00e3o do crime.<\/p>\n<\/div>\n<div id=\"author-info\" class=\"ui items\">\n<div class=\"item\"><\/div>\n<\/div>\n","protected":false},"excerpt":{"rendered":"<p>O Instituto M\u00e9dico Legal (IML) de Jo\u00e3o Pessoa confirmou, neste s\u00e1bado (4), que os quatro corpos encontrados em uma \u00e1rea de mata no bairro Brisamar pertencem aos trabalhadores baianos desaparecidos desde a \u00faltima ter\u00e7a-feira (31). As v\u00edtimas, que atuavam na constru\u00e7\u00e3o civil, haviam se mudado para a Para\u00edba h\u00e1 apenas dois meses para trabalhar em uma obra local. Os homens foram identificados como: \u2013 Cleibson Jaques, 31 anos, de Campo Formoso; \u2013\u00a0Lucas Bispo, de Campo Formoso; \u2013\u00a0Sidclei Silva, 21 anos, de Morro do Chap\u00e9u; \u2013\u00a0Gism\u00e1rio Santos, 23 anos, de Morro do Chap\u00e9u. Mudan\u00e7a repentina Familiares das v\u00edtimas chegaram \u00e0 capital [&hellip;]<\/p>\n","protected":false},"author":4,"featured_media":179615,"comment_status":"open","ping_status":"open","sticky":false,"template":"","format":"standard","meta":[],"categories":[306],"tags":[],"_links":{"self":[{"href":"https:\/\/www.cronicasdeitarantim.com.br\/v1\/wp-json\/wp\/v2\/posts\/179614"}],"collection":[{"href":"https:\/\/www.cronicasdeitarantim.com.br\/v1\/wp-json\/wp\/v2\/posts"}],"about":[{"href":"https:\/\/www.cronicasdeitarantim.com.br\/v1\/wp-json\/wp\/v2\/types\/post"}],"author":[{"embeddable":true,"href":"https:\/\/www.cronicasdeitarantim.com.br\/v1\/wp-json\/wp\/v2\/users\/4"}],"replies":[{"embeddable":true,"href":"https:\/\/www.cronicasdeitarantim.com.br\/v1\/wp-json\/wp\/v2\/comments?post=179614"}],"version-history":[{"count":1,"href":"https:\/\/www.cronicasdeitarantim.com.br\/v1\/wp-json\/wp\/v2\/posts\/179614\/revisions"}],"predecessor-version":[{"id":179616,"href":"https:\/\/www.cronicasdeitarantim.com.br\/v1\/wp-json\/wp\/v2\/posts\/179614\/revisions\/179616"}],"wp:featuredmedia":[{"embeddable":true,"href":"https:\/\/www.cronicasdeitarantim.com.br\/v1\/wp-json\/wp\/v2\/media\/179615"}],"wp:attachment":[{"href":"https:\/\/www.cronicasdeitarantim.com.br\/v1\/wp-json\/wp\/v2\/media?parent=179614"}],"wp:term":[{"taxonomy":"category","embeddable":true,"href":"https:\/\/www.cronicasdeitarantim.com.br\/v1\/wp-json\/wp\/v2\/categories?post=179614"},{"taxonomy":"post_tag","embeddable":true,"href":"https:\/\/www.cronicasdeitarantim.com.br\/v1\/wp-json\/wp\/v2\/tags?post=179614"}],"curies":[{"name":"wp","href":"https:\/\/api.w.org\/{rel}","templated":true}]}}