{"id":179611,"date":"2026-04-04T22:03:58","date_gmt":"2026-04-05T01:03:58","guid":{"rendered":"https:\/\/www.cronicasdeitarantim.com.br\/v1\/?p=179611"},"modified":"2026-04-04T22:03:58","modified_gmt":"2026-04-05T01:03:58","slug":"tentativa-de-suicidio-em-um-bar-de-itarantim-termina-com-final-feliz-em-acao-da-pm-e-gcm","status":"publish","type":"post","link":"https:\/\/www.cronicasdeitarantim.com.br\/v1\/2026\/04\/04\/tentativa-de-suicidio-em-um-bar-de-itarantim-termina-com-final-feliz-em-acao-da-pm-e-gcm\/","title":{"rendered":"Tentativa de suic\u00eddio em um bar de Itarantim termina com final feliz em a\u00e7\u00e3o da PM e GCM"},"content":{"rendered":"<h4>Uma tentativa de suic\u00eddio em Itarantim na noite dessa sexta-feira, 3 de abril, terminou com um final feliz ap\u00f3s uma a\u00e7\u00e3o conjunta da Guarda Municipal e da Pol\u00edcia Militar. Segundo informa\u00e7\u00f5es da Pol\u00edcia Militar, uma jovem com uma faca na m\u00e3o amea\u00e7ava tirar a pr\u00f3pria vida em uma das ruas do centro da cidade.<\/h4>\n<h4>A mo\u00e7a, que n\u00e3o teve a identidade divulgada, entrou em um bar, onde come\u00e7aram as negocia\u00e7\u00f5es, e no final tudo terminou bem. N\u00e3o obtivemos informa\u00e7\u00f5es sobre a causa da tentativa de suic\u00eddio. Segundo testemunhas de testemunhas, a jovem estava bastante abatida e chorando no momento.<\/h4>\n<h4>Ela foi levada ao hospital da cidade quando foi atendida, n\u00e3o temos informa\u00e7\u00f5es das condi\u00e7\u00f5es do estado de sa\u00fade da jovem.<\/h4>\n","protected":false},"excerpt":{"rendered":"<p>Uma tentativa de suic\u00eddio em Itarantim na noite dessa sexta-feira, 3 de abril, terminou com um final feliz ap\u00f3s uma a\u00e7\u00e3o conjunta da Guarda Municipal e da Pol\u00edcia Militar. Segundo informa\u00e7\u00f5es da Pol\u00edcia Militar, uma jovem com uma faca na m\u00e3o amea\u00e7ava tirar a pr\u00f3pria vida em uma das ruas do centro da cidade. A mo\u00e7a, que n\u00e3o teve a identidade divulgada, entrou em um bar, onde come\u00e7aram as negocia\u00e7\u00f5es, e no final tudo terminou bem. N\u00e3o obtivemos informa\u00e7\u00f5es sobre a causa da tentativa de suic\u00eddio. Segundo testemunhas de testemunhas, a jovem estava bastante abatida e chorando no momento. Ela [&hellip;]<\/p>\n","protected":false},"author":4,"featured_media":179612,"comment_status":"open","ping_status":"open","sticky":false,"template":"","format":"standard","meta":[],"categories":[306],"tags":[],"_links":{"self":[{"href":"https:\/\/www.cronicasdeitarantim.com.br\/v1\/wp-json\/wp\/v2\/posts\/179611"}],"collection":[{"href":"https:\/\/www.cronicasdeitarantim.com.br\/v1\/wp-json\/wp\/v2\/posts"}],"about":[{"href":"https:\/\/www.cronicasdeitarantim.com.br\/v1\/wp-json\/wp\/v2\/types\/post"}],"author":[{"embeddable":true,"href":"https:\/\/www.cronicasdeitarantim.com.br\/v1\/wp-json\/wp\/v2\/users\/4"}],"replies":[{"embeddable":true,"href":"https:\/\/www.cronicasdeitarantim.com.br\/v1\/wp-json\/wp\/v2\/comments?post=179611"}],"version-history":[{"count":1,"href":"https:\/\/www.cronicasdeitarantim.com.br\/v1\/wp-json\/wp\/v2\/posts\/179611\/revisions"}],"predecessor-version":[{"id":179613,"href":"https:\/\/www.cronicasdeitarantim.com.br\/v1\/wp-json\/wp\/v2\/posts\/179611\/revisions\/179613"}],"wp:featuredmedia":[{"embeddable":true,"href":"https:\/\/www.cronicasdeitarantim.com.br\/v1\/wp-json\/wp\/v2\/media\/179612"}],"wp:attachment":[{"href":"https:\/\/www.cronicasdeitarantim.com.br\/v1\/wp-json\/wp\/v2\/media?parent=179611"}],"wp:term":[{"taxonomy":"category","embeddable":true,"href":"https:\/\/www.cronicasdeitarantim.com.br\/v1\/wp-json\/wp\/v2\/categories?post=179611"},{"taxonomy":"post_tag","embeddable":true,"href":"https:\/\/www.cronicasdeitarantim.com.br\/v1\/wp-json\/wp\/v2\/tags?post=179611"}],"curies":[{"name":"wp","href":"https:\/\/api.w.org\/{rel}","templated":true}]}}