{"id":179601,"date":"2026-04-04T14:41:23","date_gmt":"2026-04-04T17:41:23","guid":{"rendered":"https:\/\/www.cronicasdeitarantim.com.br\/v1\/?p=179601"},"modified":"2026-04-04T14:41:46","modified_gmt":"2026-04-04T17:41:46","slug":"lider-de-organizacao-criminosa-atuante-na-regiao-e-preso-pela-policia","status":"publish","type":"post","link":"https:\/\/www.cronicasdeitarantim.com.br\/v1\/2026\/04\/04\/lider-de-organizacao-criminosa-atuante-na-regiao-e-preso-pela-policia\/","title":{"rendered":"L\u00edder de organiza\u00e7\u00e3o criminosa atuante na regi\u00e3o \u00e9 preso pela pol\u00edcia"},"content":{"rendered":"<h4>Um l\u00edder de organiza\u00e7\u00e3o criminosa foi preso durante uma a\u00e7\u00e3o da Pol\u00edcia Civil da Bahia, nesta sexta-feira, 03 de abril, em um condom\u00ednio localizado no bairro Universit\u00e1rio, no munic\u00edpio de Vit\u00f3ria da Conquista, no sudoeste da Bahia.<\/h4>\n<h4>De acordo com informa\u00e7\u00f5es da Pol\u00edcia Civil, Contra ele, havia uma decis\u00e3o condenat\u00f3ria em vigor pelos crimes de organiza\u00e7\u00e3o criminosa, recepta\u00e7\u00e3o qualificada e adultera\u00e7\u00e3o de sinal identificador de ve\u00edculo automotor.<\/h4>\n<h4>A decis\u00e3o \u00e9 decorrente de investiga\u00e7\u00f5es realizadas no \u00e2mbito da Opera\u00e7\u00e3o Hidra, deflagrada na regi\u00e3o em julho de 2019, pelo Departamento de Repress\u00e3o e Combate \u00e0 Corrup\u00e7\u00e3o, ao Crime Organizado e \u00e0 Lavagem de Dinheiro (Draco\/Vit\u00f3ria da Conquista).<\/h4>\n<h4>A a\u00e7\u00e3o teve como objetivo desarticular uma estrutura criminosa voltada para o roubo, desmanche, adultera\u00e7\u00e3o e comercializa\u00e7\u00e3o de ve\u00edculos e pe\u00e7as de origem il\u00edcita.<\/h4>\n<h4>Durante as dilig\u00eancias, foram apreendidos ve\u00edculos com sinais de adultera\u00e7\u00e3o, incluindo uma caminhonete e caminh\u00f5es roubados em outros estados, como Minas Gerais. A pol\u00edcia tamb\u00e9m localizou dep\u00f3sitos contendo dezenas de cabines de caminh\u00f5es e motores sem identifica\u00e7\u00e3o.<\/h4>\n<h4>Segundo as apura\u00e7\u00f5es, o grupo operava em n\u00facleos distintos: um de lideran\u00e7a e gest\u00e3o, um de aquisi\u00e7\u00e3o e venda, e outro de descaracteriza\u00e7\u00e3o, que funcionava em uma oficina mec\u00e2nica e em galp\u00f5es locados especificamente para ocultar a atividade criminosa.<\/h4>\n<h4>O suspeito, de 38 anos, apontado como l\u00edder do grupo criminoso, foi capturado por equipes do Draco, do Grupo de Apoio T\u00e9cnico e T\u00e1tico \u00e0 Investiga\u00e7\u00e3o (Gatti\/Sudoeste), da Delegacia de Repress\u00e3o a Furtos e Roubos (DRFR\/Vit\u00f3ria da Conquista) e da 10\u00aa Coordenadoria Regional de Pol\u00edcia do Interior (Coorpin\/Vit\u00f3ria da Conquista).<\/h4>\n<h4>Ele foi conduzido a uma unidade policial, onde foi cumprido um mandado decorrente de condena\u00e7\u00e3o ainda n\u00e3o transitada em julgado, e segue custodiado \u00e0 disposi\u00e7\u00e3o do Poder Judici\u00e1rio.<\/h4>\n","protected":false},"excerpt":{"rendered":"<p>Um l\u00edder de organiza\u00e7\u00e3o criminosa foi preso durante uma a\u00e7\u00e3o da Pol\u00edcia Civil da Bahia, nesta sexta-feira, 03 de abril, em um condom\u00ednio localizado no bairro Universit\u00e1rio, no munic\u00edpio de Vit\u00f3ria da Conquista, no sudoeste da Bahia. De acordo com informa\u00e7\u00f5es da Pol\u00edcia Civil, Contra ele, havia uma decis\u00e3o condenat\u00f3ria em vigor pelos crimes de organiza\u00e7\u00e3o criminosa, recepta\u00e7\u00e3o qualificada e adultera\u00e7\u00e3o de sinal identificador de ve\u00edculo automotor. A decis\u00e3o \u00e9 decorrente de investiga\u00e7\u00f5es realizadas no \u00e2mbito da Opera\u00e7\u00e3o Hidra, deflagrada na regi\u00e3o em julho de 2019, pelo Departamento de Repress\u00e3o e Combate \u00e0 Corrup\u00e7\u00e3o, ao Crime Organizado e \u00e0 Lavagem [&hellip;]<\/p>\n","protected":false},"author":4,"featured_media":179602,"comment_status":"open","ping_status":"open","sticky":false,"template":"","format":"standard","meta":[],"categories":[306],"tags":[],"_links":{"self":[{"href":"https:\/\/www.cronicasdeitarantim.com.br\/v1\/wp-json\/wp\/v2\/posts\/179601"}],"collection":[{"href":"https:\/\/www.cronicasdeitarantim.com.br\/v1\/wp-json\/wp\/v2\/posts"}],"about":[{"href":"https:\/\/www.cronicasdeitarantim.com.br\/v1\/wp-json\/wp\/v2\/types\/post"}],"author":[{"embeddable":true,"href":"https:\/\/www.cronicasdeitarantim.com.br\/v1\/wp-json\/wp\/v2\/users\/4"}],"replies":[{"embeddable":true,"href":"https:\/\/www.cronicasdeitarantim.com.br\/v1\/wp-json\/wp\/v2\/comments?post=179601"}],"version-history":[{"count":2,"href":"https:\/\/www.cronicasdeitarantim.com.br\/v1\/wp-json\/wp\/v2\/posts\/179601\/revisions"}],"predecessor-version":[{"id":179604,"href":"https:\/\/www.cronicasdeitarantim.com.br\/v1\/wp-json\/wp\/v2\/posts\/179601\/revisions\/179604"}],"wp:featuredmedia":[{"embeddable":true,"href":"https:\/\/www.cronicasdeitarantim.com.br\/v1\/wp-json\/wp\/v2\/media\/179602"}],"wp:attachment":[{"href":"https:\/\/www.cronicasdeitarantim.com.br\/v1\/wp-json\/wp\/v2\/media?parent=179601"}],"wp:term":[{"taxonomy":"category","embeddable":true,"href":"https:\/\/www.cronicasdeitarantim.com.br\/v1\/wp-json\/wp\/v2\/categories?post=179601"},{"taxonomy":"post_tag","embeddable":true,"href":"https:\/\/www.cronicasdeitarantim.com.br\/v1\/wp-json\/wp\/v2\/tags?post=179601"}],"curies":[{"name":"wp","href":"https:\/\/api.w.org\/{rel}","templated":true}]}}