{"id":179589,"date":"2026-04-03T15:21:52","date_gmt":"2026-04-03T18:21:52","guid":{"rendered":"https:\/\/www.cronicasdeitarantim.com.br\/v1\/?p=179589"},"modified":"2026-04-03T15:21:52","modified_gmt":"2026-04-03T18:21:52","slug":"itarantim-cao-atropelado-e-encontrado-em-feira-livre-de-itarantim","status":"publish","type":"post","link":"https:\/\/www.cronicasdeitarantim.com.br\/v1\/2026\/04\/03\/itarantim-cao-atropelado-e-encontrado-em-feira-livre-de-itarantim\/","title":{"rendered":"Itarantim: C\u00e3o atropelado \u00e9 encontrado em feira livre de Itarantim"},"content":{"rendered":"<h4>Moradores da Avenida Rui Barbosa, em Itarantim, relataram ao portal Cr\u00f4nicas de Itarantim que um c\u00e3o de rua foi atropelado por um carro na manh\u00e3 desta sexta-feira, 3 de abril. Ap\u00f3s o acidente, o animal foi jogado entre as barracas dos vendedores da feira livre do munic\u00edpio.<\/h4>\n<h4>Informa\u00e7\u00f5es indicam que o c\u00e3o ainda permanece no local, causando transtornos para quem mora ao redor da feira. O autor do atropelamento n\u00e3o foi identificado. Testemunhas afirmaram que encontraram o animal agonizando antes de morrer.<\/h4>\n","protected":false},"excerpt":{"rendered":"<p>Moradores da Avenida Rui Barbosa, em Itarantim, relataram ao portal Cr\u00f4nicas de Itarantim que um c\u00e3o de rua foi atropelado por um carro na manh\u00e3 desta sexta-feira, 3 de abril. Ap\u00f3s o acidente, o animal foi jogado entre as barracas dos vendedores da feira livre do munic\u00edpio. Informa\u00e7\u00f5es indicam que o c\u00e3o ainda permanece no local, causando transtornos para quem mora ao redor da feira. O autor do atropelamento n\u00e3o foi identificado. Testemunhas afirmaram que encontraram o animal agonizando antes de morrer.<\/p>\n","protected":false},"author":4,"featured_media":179590,"comment_status":"open","ping_status":"open","sticky":false,"template":"","format":"standard","meta":[],"categories":[306],"tags":[],"_links":{"self":[{"href":"https:\/\/www.cronicasdeitarantim.com.br\/v1\/wp-json\/wp\/v2\/posts\/179589"}],"collection":[{"href":"https:\/\/www.cronicasdeitarantim.com.br\/v1\/wp-json\/wp\/v2\/posts"}],"about":[{"href":"https:\/\/www.cronicasdeitarantim.com.br\/v1\/wp-json\/wp\/v2\/types\/post"}],"author":[{"embeddable":true,"href":"https:\/\/www.cronicasdeitarantim.com.br\/v1\/wp-json\/wp\/v2\/users\/4"}],"replies":[{"embeddable":true,"href":"https:\/\/www.cronicasdeitarantim.com.br\/v1\/wp-json\/wp\/v2\/comments?post=179589"}],"version-history":[{"count":1,"href":"https:\/\/www.cronicasdeitarantim.com.br\/v1\/wp-json\/wp\/v2\/posts\/179589\/revisions"}],"predecessor-version":[{"id":179591,"href":"https:\/\/www.cronicasdeitarantim.com.br\/v1\/wp-json\/wp\/v2\/posts\/179589\/revisions\/179591"}],"wp:featuredmedia":[{"embeddable":true,"href":"https:\/\/www.cronicasdeitarantim.com.br\/v1\/wp-json\/wp\/v2\/media\/179590"}],"wp:attachment":[{"href":"https:\/\/www.cronicasdeitarantim.com.br\/v1\/wp-json\/wp\/v2\/media?parent=179589"}],"wp:term":[{"taxonomy":"category","embeddable":true,"href":"https:\/\/www.cronicasdeitarantim.com.br\/v1\/wp-json\/wp\/v2\/categories?post=179589"},{"taxonomy":"post_tag","embeddable":true,"href":"https:\/\/www.cronicasdeitarantim.com.br\/v1\/wp-json\/wp\/v2\/tags?post=179589"}],"curies":[{"name":"wp","href":"https:\/\/api.w.org\/{rel}","templated":true}]}}