{"id":179587,"date":"2026-04-03T14:50:58","date_gmt":"2026-04-03T17:50:58","guid":{"rendered":"https:\/\/www.cronicasdeitarantim.com.br\/v1\/?p=179587"},"modified":"2026-04-03T14:50:58","modified_gmt":"2026-04-03T17:50:58","slug":"inmet-emite-alerta-para-25-cidades-da-bahia-para-chuvas-intensas-nesta-sexta-feira-santa","status":"publish","type":"post","link":"https:\/\/www.cronicasdeitarantim.com.br\/v1\/2026\/04\/03\/inmet-emite-alerta-para-25-cidades-da-bahia-para-chuvas-intensas-nesta-sexta-feira-santa\/","title":{"rendered":"Inmet emite alerta para 25 cidades da Bahia para chuvas intensas nesta sexta-feira santa"},"content":{"rendered":"<div class=\"styles__Body-sc-1ffquwr-7 ePhtZb\">\n<h4>O Instituto Nacional de Meteorologia (Inmet) emitiu um alerta laranja para 25 munic\u00edpios da Bahia devido \u00e0 previs\u00e3o de chuvas nesta sexta-feira Santa, 03 de abril.<\/h4>\n<h4>As \u00e1reas mais afetadas est\u00e3o concentradas no Extremo Oeste e no Vale do S\u00e3o Francisco, regi\u00f5es que devem enfrentar instabilidade clim\u00e1tica associada ao avan\u00e7o de uma frente fria, mas a regi\u00e3o do m\u00e9dio sudoeste n\u00e3o est\u00e1 descartada para fortes chuvas.<\/h4>\n<h4>De acordo com o \u00f3rg\u00e3o, a previs\u00e3o indica volumes de chuva entre 30 e 60 mm por hora ou at\u00e9 100 mm por dia, al\u00e9m de ventos que podem variar entre 60 e 100 km\/h.<\/h4>\n<h4>Entre as cidades sob alerta est\u00e3o Angical, Baian\u00f3polis, Barra, Barreiras, Buritirama, Campo Alegre de Lourdes, Casa Nova, Catol\u00e2ndia, Cocos, Coribe, Correntina, Cotegipe, Crist\u00f3polis, Formosa do Rio Preto, Jaborandi, Lu\u00eds Eduardo Magalh\u00e3es, Mansid\u00e3o, Pil\u00e3o Arcado, Remanso, Riach\u00e3o das Neves, Santa Maria da Vit\u00f3ria, Santa Rita de C\u00e1ssia, S\u00e3o Desid\u00e9rio, Tabocas do Brejo Velho e Wanderley.<\/h4>\n<h4>O Inmet alerta para poss\u00edveis impactos, como interrup\u00e7\u00e3o no fornecimento de energia el\u00e9trica, queda de galhos de \u00e1rvores, alagamentos e incid\u00eancia de descargas el\u00e9tricas.<\/h4>\n<h4>A recomenda\u00e7\u00e3o \u00e9 que a popula\u00e7\u00e3o evite \u00e1reas de risco, n\u00e3o se abrigue debaixo de \u00e1rvores durante rajadas de vento e mantenha aten\u00e7\u00e3o redobrada em regi\u00f5es sujeitas a alagamentos.<\/h4>\n<\/div>\n","protected":false},"excerpt":{"rendered":"<p>O Instituto Nacional de Meteorologia (Inmet) emitiu um alerta laranja para 25 munic\u00edpios da Bahia devido \u00e0 previs\u00e3o de chuvas nesta sexta-feira Santa, 03 de abril. As \u00e1reas mais afetadas est\u00e3o concentradas no Extremo Oeste e no Vale do S\u00e3o Francisco, regi\u00f5es que devem enfrentar instabilidade clim\u00e1tica associada ao avan\u00e7o de uma frente fria, mas a regi\u00e3o do m\u00e9dio sudoeste n\u00e3o est\u00e1 descartada para fortes chuvas. De acordo com o \u00f3rg\u00e3o, a previs\u00e3o indica volumes de chuva entre 30 e 60 mm por hora ou at\u00e9 100 mm por dia, al\u00e9m de ventos que podem variar entre 60 e 100 [&hellip;]<\/p>\n","protected":false},"author":4,"featured_media":179024,"comment_status":"open","ping_status":"open","sticky":false,"template":"","format":"standard","meta":[],"categories":[295],"tags":[],"_links":{"self":[{"href":"https:\/\/www.cronicasdeitarantim.com.br\/v1\/wp-json\/wp\/v2\/posts\/179587"}],"collection":[{"href":"https:\/\/www.cronicasdeitarantim.com.br\/v1\/wp-json\/wp\/v2\/posts"}],"about":[{"href":"https:\/\/www.cronicasdeitarantim.com.br\/v1\/wp-json\/wp\/v2\/types\/post"}],"author":[{"embeddable":true,"href":"https:\/\/www.cronicasdeitarantim.com.br\/v1\/wp-json\/wp\/v2\/users\/4"}],"replies":[{"embeddable":true,"href":"https:\/\/www.cronicasdeitarantim.com.br\/v1\/wp-json\/wp\/v2\/comments?post=179587"}],"version-history":[{"count":1,"href":"https:\/\/www.cronicasdeitarantim.com.br\/v1\/wp-json\/wp\/v2\/posts\/179587\/revisions"}],"predecessor-version":[{"id":179588,"href":"https:\/\/www.cronicasdeitarantim.com.br\/v1\/wp-json\/wp\/v2\/posts\/179587\/revisions\/179588"}],"wp:featuredmedia":[{"embeddable":true,"href":"https:\/\/www.cronicasdeitarantim.com.br\/v1\/wp-json\/wp\/v2\/media\/179024"}],"wp:attachment":[{"href":"https:\/\/www.cronicasdeitarantim.com.br\/v1\/wp-json\/wp\/v2\/media?parent=179587"}],"wp:term":[{"taxonomy":"category","embeddable":true,"href":"https:\/\/www.cronicasdeitarantim.com.br\/v1\/wp-json\/wp\/v2\/categories?post=179587"},{"taxonomy":"post_tag","embeddable":true,"href":"https:\/\/www.cronicasdeitarantim.com.br\/v1\/wp-json\/wp\/v2\/tags?post=179587"}],"curies":[{"name":"wp","href":"https:\/\/api.w.org\/{rel}","templated":true}]}}