{"id":179584,"date":"2026-04-03T13:54:38","date_gmt":"2026-04-03T16:54:38","guid":{"rendered":"https:\/\/www.cronicasdeitarantim.com.br\/v1\/?p=179584"},"modified":"2026-04-03T13:54:38","modified_gmt":"2026-04-03T16:54:38","slug":"eleicao-2026-eleitor-tem-ate-6-de-maio-para-regularizar-pendencias-e-ficar-apto-a-votar","status":"publish","type":"post","link":"https:\/\/www.cronicasdeitarantim.com.br\/v1\/2026\/04\/03\/eleicao-2026-eleitor-tem-ate-6-de-maio-para-regularizar-pendencias-e-ficar-apto-a-votar\/","title":{"rendered":"Elei\u00e7\u00e3o 2026: Eleitor tem at\u00e9 6 de maio para regularizar pend\u00eancias e ficar apto a votar"},"content":{"rendered":"<div class=\"styles__Body-sc-1ffquwr-7 ePhtZb\">\n<p>O cidad\u00e3o que pretende tirar o t\u00edtulo de eleitor pela primeira vez ou alterar o local de vota\u00e7\u00e3o tem at\u00e9 o dia 6 de maio para regularizar suas pend\u00eancias na Justi\u00e7a Eleitoral. O prazo tamb\u00e9m vale para quem precisa regularizar o t\u00edtulo de eleitor a fim de votar nas elei\u00e7\u00f5es gerais de outubro, quando ser\u00e3o eleitos o presidente da Rep\u00fablica, o vice-presidente, governadores, senadores, deputados federais, estaduais e distritais.<\/p>\n<p>Para resolver as pend\u00eancias, o eleitor pode procurar o cart\u00f3rio eleitoral mais pr\u00f3ximo ou acessar o servi\u00e7o eletr\u00f4nico dispon\u00edvel no site do Tribunal Superior Eleitoral (TSE). De acordo com a Constitui\u00e7\u00e3o, o voto \u00e9 obrigat\u00f3rio para quem tem entre 18 e 70 anos e facultativo para jovens entre 16 e 17 anos e idosos acima de 70 anos.<\/p>\n<p>Ap\u00f3s completar 15 anos, os jovens poder\u00e3o solicitar a emiss\u00e3o do t\u00edtulo de eleitor. Contudo, somente estar\u00e1 apto a votar quem tiver completado 16 anos na data da elei\u00e7\u00e3o.<\/p>\n<p><strong>Janela Eleitoral<\/strong><br \/>\nJ\u00e1 nesta sexta-feira, termina o prazo da chamada janela eleitoral, per\u00edodo em que os pol\u00edticos que v\u00e3o disputar as elei\u00e7\u00f5es podem mudar de partido e n\u00e3o serem punidos com a perda do mandato.<\/p>\n<p>No s\u00e1bado (4), encerra-se o prazo para desincompatibiliza\u00e7\u00e3o de agentes p\u00fablicos que v\u00e3o participar das elei\u00e7\u00f5es. Governadores, prefeitos e ministros de Estado que pretendem se candidatar a outros cargos devem deixar suas fun\u00e7\u00f5es. A medida est\u00e1 prevista na Constitui\u00e7\u00e3o e impede a utiliza\u00e7\u00e3o do cargo para obten\u00e7\u00e3o de vantagens eleitorais.<\/p>\n<\/div>\n","protected":false},"excerpt":{"rendered":"<p>O cidad\u00e3o que pretende tirar o t\u00edtulo de eleitor pela primeira vez ou alterar o local de vota\u00e7\u00e3o tem at\u00e9 o dia 6 de maio para regularizar suas pend\u00eancias na Justi\u00e7a Eleitoral. O prazo tamb\u00e9m vale para quem precisa regularizar o t\u00edtulo de eleitor a fim de votar nas elei\u00e7\u00f5es gerais de outubro, quando ser\u00e3o eleitos o presidente da Rep\u00fablica, o vice-presidente, governadores, senadores, deputados federais, estaduais e distritais. Para resolver as pend\u00eancias, o eleitor pode procurar o cart\u00f3rio eleitoral mais pr\u00f3ximo ou acessar o servi\u00e7o eletr\u00f4nico dispon\u00edvel no site do Tribunal Superior Eleitoral (TSE). De acordo com a Constitui\u00e7\u00e3o, [&hellip;]<\/p>\n","protected":false},"author":4,"featured_media":179585,"comment_status":"open","ping_status":"open","sticky":false,"template":"","format":"standard","meta":[],"categories":[296],"tags":[],"_links":{"self":[{"href":"https:\/\/www.cronicasdeitarantim.com.br\/v1\/wp-json\/wp\/v2\/posts\/179584"}],"collection":[{"href":"https:\/\/www.cronicasdeitarantim.com.br\/v1\/wp-json\/wp\/v2\/posts"}],"about":[{"href":"https:\/\/www.cronicasdeitarantim.com.br\/v1\/wp-json\/wp\/v2\/types\/post"}],"author":[{"embeddable":true,"href":"https:\/\/www.cronicasdeitarantim.com.br\/v1\/wp-json\/wp\/v2\/users\/4"}],"replies":[{"embeddable":true,"href":"https:\/\/www.cronicasdeitarantim.com.br\/v1\/wp-json\/wp\/v2\/comments?post=179584"}],"version-history":[{"count":1,"href":"https:\/\/www.cronicasdeitarantim.com.br\/v1\/wp-json\/wp\/v2\/posts\/179584\/revisions"}],"predecessor-version":[{"id":179586,"href":"https:\/\/www.cronicasdeitarantim.com.br\/v1\/wp-json\/wp\/v2\/posts\/179584\/revisions\/179586"}],"wp:featuredmedia":[{"embeddable":true,"href":"https:\/\/www.cronicasdeitarantim.com.br\/v1\/wp-json\/wp\/v2\/media\/179585"}],"wp:attachment":[{"href":"https:\/\/www.cronicasdeitarantim.com.br\/v1\/wp-json\/wp\/v2\/media?parent=179584"}],"wp:term":[{"taxonomy":"category","embeddable":true,"href":"https:\/\/www.cronicasdeitarantim.com.br\/v1\/wp-json\/wp\/v2\/categories?post=179584"},{"taxonomy":"post_tag","embeddable":true,"href":"https:\/\/www.cronicasdeitarantim.com.br\/v1\/wp-json\/wp\/v2\/tags?post=179584"}],"curies":[{"name":"wp","href":"https:\/\/api.w.org\/{rel}","templated":true}]}}