{"id":179533,"date":"2026-03-31T10:18:17","date_gmt":"2026-03-31T13:18:17","guid":{"rendered":"https:\/\/www.cronicasdeitarantim.com.br\/v1\/?p=179533"},"modified":"2026-03-31T10:18:17","modified_gmt":"2026-03-31T13:18:17","slug":"potiragua-recebe-r-1-803-00000-para-construcao-de-unidade-basica-de-saude","status":"publish","type":"post","link":"https:\/\/www.cronicasdeitarantim.com.br\/v1\/2026\/03\/31\/potiragua-recebe-r-1-803-00000-para-construcao-de-unidade-basica-de-saude\/","title":{"rendered":"Potiragu\u00e1 Recebe R$ 1.803.000,00 para Constru\u00e7\u00e3o de Unidade B\u00e1sica de Sa\u00fade"},"content":{"rendered":"<h4>O munic\u00edpio de Potiragu\u00e1 foi contemplado com R$ 1.803.000,00 destinados \u00e0 constru\u00e7\u00e3o de uma Unidade B\u00e1sica de Sa\u00fade (UBS). O recurso, que chega por meio do deputado federal Neto Carletto, fortalecer\u00e1 a sa\u00fade no munic\u00edpio com a nova UBS.<\/h4>\n<h4>A transfer\u00eancia do valor, realizada via Pix, foi recebida pelo secret\u00e1rio de Sa\u00fade de Potiragu\u00e1, Manuel, e pelo chefe de gabinete, Dr. Eduardo, que estiveram em Salvador acompanhando o deputado durante a entrega.<\/h4>\n<h4>Esse investimento reafirma a parceria entre o governo de Elias Carvalho, governo do Estado e o mandato do deputado federal, al\u00e9m de demonstrar o compromisso da administra\u00e7\u00e3o municipal com a sa\u00fade da popula\u00e7\u00e3o.<\/h4>\n","protected":false},"excerpt":{"rendered":"<p>O munic\u00edpio de Potiragu\u00e1 foi contemplado com R$ 1.803.000,00 destinados \u00e0 constru\u00e7\u00e3o de uma Unidade B\u00e1sica de Sa\u00fade (UBS). O recurso, que chega por meio do deputado federal Neto Carletto, fortalecer\u00e1 a sa\u00fade no munic\u00edpio com a nova UBS. A transfer\u00eancia do valor, realizada via Pix, foi recebida pelo secret\u00e1rio de Sa\u00fade de Potiragu\u00e1, Manuel, e pelo chefe de gabinete, Dr. Eduardo, que estiveram em Salvador acompanhando o deputado durante a entrega. Esse investimento reafirma a parceria entre o governo de Elias Carvalho, governo do Estado e o mandato do deputado federal, al\u00e9m de demonstrar o compromisso da administra\u00e7\u00e3o municipal [&hellip;]<\/p>\n","protected":false},"author":4,"featured_media":179534,"comment_status":"open","ping_status":"open","sticky":false,"template":"","format":"standard","meta":[],"categories":[304],"tags":[],"_links":{"self":[{"href":"https:\/\/www.cronicasdeitarantim.com.br\/v1\/wp-json\/wp\/v2\/posts\/179533"}],"collection":[{"href":"https:\/\/www.cronicasdeitarantim.com.br\/v1\/wp-json\/wp\/v2\/posts"}],"about":[{"href":"https:\/\/www.cronicasdeitarantim.com.br\/v1\/wp-json\/wp\/v2\/types\/post"}],"author":[{"embeddable":true,"href":"https:\/\/www.cronicasdeitarantim.com.br\/v1\/wp-json\/wp\/v2\/users\/4"}],"replies":[{"embeddable":true,"href":"https:\/\/www.cronicasdeitarantim.com.br\/v1\/wp-json\/wp\/v2\/comments?post=179533"}],"version-history":[{"count":1,"href":"https:\/\/www.cronicasdeitarantim.com.br\/v1\/wp-json\/wp\/v2\/posts\/179533\/revisions"}],"predecessor-version":[{"id":179535,"href":"https:\/\/www.cronicasdeitarantim.com.br\/v1\/wp-json\/wp\/v2\/posts\/179533\/revisions\/179535"}],"wp:featuredmedia":[{"embeddable":true,"href":"https:\/\/www.cronicasdeitarantim.com.br\/v1\/wp-json\/wp\/v2\/media\/179534"}],"wp:attachment":[{"href":"https:\/\/www.cronicasdeitarantim.com.br\/v1\/wp-json\/wp\/v2\/media?parent=179533"}],"wp:term":[{"taxonomy":"category","embeddable":true,"href":"https:\/\/www.cronicasdeitarantim.com.br\/v1\/wp-json\/wp\/v2\/categories?post=179533"},{"taxonomy":"post_tag","embeddable":true,"href":"https:\/\/www.cronicasdeitarantim.com.br\/v1\/wp-json\/wp\/v2\/tags?post=179533"}],"curies":[{"name":"wp","href":"https:\/\/api.w.org\/{rel}","templated":true}]}}