{"id":179527,"date":"2026-03-30T22:24:11","date_gmt":"2026-03-31T01:24:11","guid":{"rendered":"https:\/\/www.cronicasdeitarantim.com.br\/v1\/?p=179527"},"modified":"2026-03-30T22:24:11","modified_gmt":"2026-03-31T01:24:11","slug":"ibge-revela-que-salvador-nao-e-a-cidade-mais-negra-fora-da-africa-veja-cidades-que-ocupam-o-topo","status":"publish","type":"post","link":"https:\/\/www.cronicasdeitarantim.com.br\/v1\/2026\/03\/30\/ibge-revela-que-salvador-nao-e-a-cidade-mais-negra-fora-da-africa-veja-cidades-que-ocupam-o-topo\/","title":{"rendered":"IBGE revela que Salvador n\u00e3o \u00e9 a cidade mais negra fora da \u00c1frica, veja cidades que ocupam o topo"},"content":{"rendered":"<article id=\"post-250157\" class=\"post-250157 post type-post status-publish format-standard has-post-thumbnail hentry category-noticias\">\n<div class=\"container-post\">\n<div class=\"entry-content\">\n<h4 data-start=\"169\" data-end=\"423\">Durante muitos anos, Salvador foi amplamente reconhecida como a cidade mais negra fora do continente africano. No entanto, dados recentes divulgados pelo\u00a0<span class=\"hover:entity-accent entity-underline inline cursor-pointer align-baseline\"><span class=\"whitespace-normal\">Instituto Brasileiro de Geografia e Estat\u00edstica<\/span><\/span>\u00a0mostram que essa percep\u00e7\u00e3o n\u00e3o corresponde aos n\u00fameros atuais.<\/h4>\n<h4 data-start=\"425\" data-end=\"737\">De acordo com o Censo Demogr\u00e1fico de 2022, a capital baiana possui cerca de 2,011 milh\u00f5es de pessoas que se declaram pretas ou pardas, o que representa 83,2% da popula\u00e7\u00e3o. Apesar do alto percentual, Salvador n\u00e3o ocupa a primeira posi\u00e7\u00e3o entre as capitais brasileiras com maior n\u00famero de habitantes nesses grupos.<\/h4>\n<h4 data-start=\"739\" data-end=\"985\">No ranking nacional,\u00a0<span class=\"hover:entity-accent entity-underline inline cursor-pointer align-baseline\"><span class=\"whitespace-normal\">S\u00e3o Paulo<\/span><\/span>\u00a0lidera com aproximadamente 4,98 milh\u00f5es de pessoas pretas ou pardas, seguida pelo\u00a0<span class=\"hover:entity-accent entity-underline inline cursor-pointer align-baseline\"><span class=\"whitespace-normal\">Rio de Janeiro<\/span><\/span>, com cerca de 3,37 milh\u00f5es. Salvador aparece na terceira coloca\u00e7\u00e3o.<\/h4>\n<h4 data-start=\"987\" data-end=\"1269\">Quando analisados todos os munic\u00edpios do pa\u00eds, a capital baiana fica ainda mais distante do topo, ocupando apenas a 484\u00aa posi\u00e7\u00e3o. O munic\u00edpio com maior propor\u00e7\u00e3o de popula\u00e7\u00e3o preta ou parda \u00e9\u00a0<span class=\"hover:entity-accent entity-underline inline cursor-pointer align-baseline\"><span class=\"whitespace-normal\">Serrano do Maranh\u00e3o<\/span><\/span>, onde 97,2% dos moradores se enquadram nesse perfil.<\/h4>\n<h4 data-start=\"1271\" data-end=\"1461\">Na sequ\u00eancia aparecem\u00a0<span class=\"hover:entity-accent entity-underline inline cursor-pointer align-baseline\"><span class=\"whitespace-normal\">Terra Nova<\/span><\/span>, com 96,2%, e\u00a0<span class=\"hover:entity-accent entity-underline inline cursor-pointer align-baseline\"><span class=\"whitespace-normal\">Teodoro Sampaio<\/span><\/span>, com 95,2%, ambos munic\u00edpios baianos que figuram entre os primeiros colocados. Os dados refor\u00e7am a import\u00e2ncia de analisar estat\u00edsticas oficiais para compreender a realidade demogr\u00e1fica do pa\u00eds, muitas vezes diferente das percep\u00e7\u00f5es consolidadas ao longo do tempo.<\/h4>\n<\/div>\n<footer class=\"entry-footer\"><\/footer>\n<\/div>\n<\/article>\n<div class=\"my-2\"><\/div>\n<article id=\"post-250153\" class=\"post-250153 post type-post status-publish format-standard hentry category-noticias\">\n<div class=\"container-post\"><\/div>\n<\/article>\n","protected":false},"excerpt":{"rendered":"<p>Durante muitos anos, Salvador foi amplamente reconhecida como a cidade mais negra fora do continente africano. No entanto, dados recentes divulgados pelo\u00a0Instituto Brasileiro de Geografia e Estat\u00edstica\u00a0mostram que essa percep\u00e7\u00e3o n\u00e3o corresponde aos n\u00fameros atuais. De acordo com o Censo Demogr\u00e1fico de 2022, a capital baiana possui cerca de 2,011 milh\u00f5es de pessoas que se declaram pretas ou pardas, o que representa 83,2% da popula\u00e7\u00e3o. Apesar do alto percentual, Salvador n\u00e3o ocupa a primeira posi\u00e7\u00e3o entre as capitais brasileiras com maior n\u00famero de habitantes nesses grupos. No ranking nacional,\u00a0S\u00e3o Paulo\u00a0lidera com aproximadamente 4,98 milh\u00f5es de pessoas pretas ou pardas, seguida [&hellip;]<\/p>\n","protected":false},"author":4,"featured_media":179528,"comment_status":"open","ping_status":"open","sticky":false,"template":"","format":"standard","meta":[],"categories":[296],"tags":[],"_links":{"self":[{"href":"https:\/\/www.cronicasdeitarantim.com.br\/v1\/wp-json\/wp\/v2\/posts\/179527"}],"collection":[{"href":"https:\/\/www.cronicasdeitarantim.com.br\/v1\/wp-json\/wp\/v2\/posts"}],"about":[{"href":"https:\/\/www.cronicasdeitarantim.com.br\/v1\/wp-json\/wp\/v2\/types\/post"}],"author":[{"embeddable":true,"href":"https:\/\/www.cronicasdeitarantim.com.br\/v1\/wp-json\/wp\/v2\/users\/4"}],"replies":[{"embeddable":true,"href":"https:\/\/www.cronicasdeitarantim.com.br\/v1\/wp-json\/wp\/v2\/comments?post=179527"}],"version-history":[{"count":1,"href":"https:\/\/www.cronicasdeitarantim.com.br\/v1\/wp-json\/wp\/v2\/posts\/179527\/revisions"}],"predecessor-version":[{"id":179529,"href":"https:\/\/www.cronicasdeitarantim.com.br\/v1\/wp-json\/wp\/v2\/posts\/179527\/revisions\/179529"}],"wp:featuredmedia":[{"embeddable":true,"href":"https:\/\/www.cronicasdeitarantim.com.br\/v1\/wp-json\/wp\/v2\/media\/179528"}],"wp:attachment":[{"href":"https:\/\/www.cronicasdeitarantim.com.br\/v1\/wp-json\/wp\/v2\/media?parent=179527"}],"wp:term":[{"taxonomy":"category","embeddable":true,"href":"https:\/\/www.cronicasdeitarantim.com.br\/v1\/wp-json\/wp\/v2\/categories?post=179527"},{"taxonomy":"post_tag","embeddable":true,"href":"https:\/\/www.cronicasdeitarantim.com.br\/v1\/wp-json\/wp\/v2\/tags?post=179527"}],"curies":[{"name":"wp","href":"https:\/\/api.w.org\/{rel}","templated":true}]}}