{"id":179524,"date":"2026-03-30T21:42:44","date_gmt":"2026-03-31T00:42:44","guid":{"rendered":"https:\/\/www.cronicasdeitarantim.com.br\/v1\/?p=179524"},"modified":"2026-03-30T21:42:44","modified_gmt":"2026-03-31T00:42:44","slug":"justica-argentina-suspende-jornada-de-12-horas-prevista-na-reforma-trabalhista-de-milei","status":"publish","type":"post","link":"https:\/\/www.cronicasdeitarantim.com.br\/v1\/2026\/03\/30\/justica-argentina-suspende-jornada-de-12-horas-prevista-na-reforma-trabalhista-de-milei\/","title":{"rendered":"Justi\u00e7a argentina suspende jornada de 12 horas prevista na reforma trabalhista de Milei"},"content":{"rendered":"<div class=\"styles__Body-sc-1ffquwr-7 ePhtZb\">\n<section dir=\"auto\" data-scroll-anchor=\"true\" data-testid=\"conversation-turn-70\" data-turn=\"assistant\" data-turn-id=\"request-69c188f1-d6b0-83e9-a447-d4f6fd30264c-1\">\n<h4 data-end=\"449\" data-start=\"154\">A Justi\u00e7a da Argentina suspendeu trechos da reforma trabalhista proposta pelo presidente Javier Milei. A decis\u00e3o provis\u00f3ria atinge 82 artigos da lei e impede a aplica\u00e7\u00e3o de mudan\u00e7as centrais nas rela\u00e7\u00f5es de trabalho at\u00e9 julgamento definitivo.<\/h4>\n<h4 data-end=\"804\" data-start=\"451\">Entre os pontos suspensos est\u00e3o a amplia\u00e7\u00e3o da jornada para at\u00e9 12 horas di\u00e1rias sem pagamento de horas extras, a redu\u00e7\u00e3o e o parcelamento de indeniza\u00e7\u00f5es por demiss\u00e3o e restri\u00e7\u00f5es ao direito de greve. Tamb\u00e9m foram barradas altera\u00e7\u00f5es que dificultavam o reconhecimento de v\u00ednculo empregat\u00edcio e ampliavam a classifica\u00e7\u00e3o de trabalhadores como aut\u00f4nomos.<\/h4>\n<h4 data-end=\"1038\" data-start=\"806\">A medida foi tomada ap\u00f3s a\u00e7\u00e3o movida por sindicatos, que questionaram a legalidade das mudan\u00e7as. O juiz respons\u00e1vel apontou risco de danos imediatos aos trabalhadores caso as regras entrassem em vigor antes da an\u00e1lise final do caso.<\/h4>\n<h4 data-end=\"1293\" data-start=\"1040\">A reforma havia sido aprovada pelo Senado em fevereiro como parte da agenda do governo para flexibilizar o mercado de trabalho. Com a suspens\u00e3o, o embate entre o governo e entidades sindicais se intensifica, e o Executivo ainda pode recorrer da decis\u00e3o. (Metro1).<\/h4>\n<\/section>\n<\/div>\n","protected":false},"excerpt":{"rendered":"<p>A Justi\u00e7a da Argentina suspendeu trechos da reforma trabalhista proposta pelo presidente Javier Milei. A decis\u00e3o provis\u00f3ria atinge 82 artigos da lei e impede a aplica\u00e7\u00e3o de mudan\u00e7as centrais nas rela\u00e7\u00f5es de trabalho at\u00e9 julgamento definitivo. Entre os pontos suspensos est\u00e3o a amplia\u00e7\u00e3o da jornada para at\u00e9 12 horas di\u00e1rias sem pagamento de horas extras, a redu\u00e7\u00e3o e o parcelamento de indeniza\u00e7\u00f5es por demiss\u00e3o e restri\u00e7\u00f5es ao direito de greve. Tamb\u00e9m foram barradas altera\u00e7\u00f5es que dificultavam o reconhecimento de v\u00ednculo empregat\u00edcio e ampliavam a classifica\u00e7\u00e3o de trabalhadores como aut\u00f4nomos. A medida foi tomada ap\u00f3s a\u00e7\u00e3o movida por sindicatos, que questionaram [&hellip;]<\/p>\n","protected":false},"author":4,"featured_media":179525,"comment_status":"open","ping_status":"open","sticky":false,"template":"","format":"standard","meta":[],"categories":[1261],"tags":[],"_links":{"self":[{"href":"https:\/\/www.cronicasdeitarantim.com.br\/v1\/wp-json\/wp\/v2\/posts\/179524"}],"collection":[{"href":"https:\/\/www.cronicasdeitarantim.com.br\/v1\/wp-json\/wp\/v2\/posts"}],"about":[{"href":"https:\/\/www.cronicasdeitarantim.com.br\/v1\/wp-json\/wp\/v2\/types\/post"}],"author":[{"embeddable":true,"href":"https:\/\/www.cronicasdeitarantim.com.br\/v1\/wp-json\/wp\/v2\/users\/4"}],"replies":[{"embeddable":true,"href":"https:\/\/www.cronicasdeitarantim.com.br\/v1\/wp-json\/wp\/v2\/comments?post=179524"}],"version-history":[{"count":1,"href":"https:\/\/www.cronicasdeitarantim.com.br\/v1\/wp-json\/wp\/v2\/posts\/179524\/revisions"}],"predecessor-version":[{"id":179526,"href":"https:\/\/www.cronicasdeitarantim.com.br\/v1\/wp-json\/wp\/v2\/posts\/179524\/revisions\/179526"}],"wp:featuredmedia":[{"embeddable":true,"href":"https:\/\/www.cronicasdeitarantim.com.br\/v1\/wp-json\/wp\/v2\/media\/179525"}],"wp:attachment":[{"href":"https:\/\/www.cronicasdeitarantim.com.br\/v1\/wp-json\/wp\/v2\/media?parent=179524"}],"wp:term":[{"taxonomy":"category","embeddable":true,"href":"https:\/\/www.cronicasdeitarantim.com.br\/v1\/wp-json\/wp\/v2\/categories?post=179524"},{"taxonomy":"post_tag","embeddable":true,"href":"https:\/\/www.cronicasdeitarantim.com.br\/v1\/wp-json\/wp\/v2\/tags?post=179524"}],"curies":[{"name":"wp","href":"https:\/\/api.w.org\/{rel}","templated":true}]}}