{"id":179456,"date":"2026-03-26T12:40:50","date_gmt":"2026-03-26T15:40:50","guid":{"rendered":"https:\/\/www.cronicasdeitarantim.com.br\/v1\/?p=179456"},"modified":"2026-03-26T12:40:50","modified_gmt":"2026-03-26T15:40:50","slug":"justica-eleitoral-cassa-mandatos-da-prefeita-e-do-vice-de-ipiau-no-sul-da-bahia","status":"publish","type":"post","link":"https:\/\/www.cronicasdeitarantim.com.br\/v1\/2026\/03\/26\/justica-eleitoral-cassa-mandatos-da-prefeita-e-do-vice-de-ipiau-no-sul-da-bahia\/","title":{"rendered":"Justi\u00e7a Eleitoral cassa mandatos da prefeita e do vice de Ipia\u00fa no sul da Bahia"},"content":{"rendered":"<article id=\"post-249931\" class=\"post-249931 post type-post status-publish format-standard has-post-thumbnail hentry category-ipiau tag-destaque\">\n<div class=\"container-post\">\n<div class=\"entry-content\">\n<div class=\"flex flex-col text-sm pb-25\">\n<section class=\"text-token-text-primary w-full focus:outline-none [--shadow-height:45px] has-data-writing-block:pointer-events-none has-data-writing-block:-mt-(--shadow-height) has-data-writing-block:pt-(--shadow-height) [&amp;:has([data-writing-block])&gt;*]:pointer-events-auto scroll-mt-[calc(var(--header-height)+min(200px,max(70px,20svh)))]\" dir=\"auto\" data-turn-id=\"request-WEB:46138c98-ac6a-483b-89ce-a3dd8e39c968-1\" data-testid=\"conversation-turn-4\" data-scroll-anchor=\"true\" data-turn=\"assistant\">\n<div class=\"text-base my-auto mx-auto pb-10 [--thread-content-margin:var(--thread-content-margin-xs,calc(var(--spacing)*4))] @w-sm\/main:[--thread-content-margin:var(--thread-content-margin-sm,calc(var(--spacing)*6))] @w-lg\/main:[--thread-content-margin:var(--thread-content-margin-lg,calc(var(--spacing)*16))] px-(--thread-content-margin)\">\n<div class=\"[--thread-content-max-width:40rem] @w-lg\/main:[--thread-content-max-width:48rem] mx-auto max-w-(--thread-content-max-width) flex-1 group\/turn-messages focus-visible:outline-hidden relative flex w-full min-w-0 flex-col agent-turn\">\n<div class=\"flex max-w-full flex-col gap-4 grow\">\n<div class=\"min-h-8 text-message relative flex w-full flex-col items-end gap-2 text-start break-words whitespace-normal outline-none keyboard-focused:focus-ring [.text-message+&amp;]:mt-1\" dir=\"auto\" tabindex=\"0\" data-message-author-role=\"assistant\" data-message-id=\"296d12ec-5deb-4b9c-828f-be2e1d668240\" data-message-model-slug=\"gpt-5-3\" data-turn-start-message=\"true\">\n<div class=\"flex w-full flex-col gap-1 empty:hidden\">\n<div class=\"markdown prose dark:prose-invert w-full wrap-break-word dark markdown-new-styling\">\n<h4 data-start=\"91\" data-end=\"542\">A Justi\u00e7a Eleitoral da 24\u00aa Zona de Ipia\u00fa decidiu cassar os mandatos da prefeita Laryssa Andrade Santos Fernandes Dias e do vice-prefeito Orlando dos Santos Ribeiro, eleitos nas elei\u00e7\u00f5es municipais de 2024. A decis\u00e3o, assinada pelo juiz eleitoral Hilton de Miranda Gon\u00e7alves nesta quarta-feira (25), tamb\u00e9m declara a inelegibilidade de ambos por oito anos e determina a realiza\u00e7\u00e3o de novas elei\u00e7\u00f5es no munic\u00edpio.<\/h4>\n<h4 data-start=\"544\" data-end=\"836\">A senten\u00e7a \u00e9 resultado de uma A\u00e7\u00e3o de Investiga\u00e7\u00e3o Judicial Eleitoral (AIJE) movida pela coliga\u00e7\u00e3o \u201cIpia\u00fa Unida para Avan\u00e7ar\u201d, que acusou os gestores de uso indevido dos meios de comunica\u00e7\u00e3o social e abuso de poder pol\u00edtico durante o per\u00edodo eleitoral.<\/h4>\n<h4 data-start=\"891\" data-end=\"1239\">De acordo com a decis\u00e3o, ficou comprovado que houve promo\u00e7\u00e3o sistem\u00e1tica da candidatura de Laryssa Dias na programa\u00e7\u00e3o de r\u00e1dio. O ju\u00edzo entendeu que a emissora concedeu espa\u00e7o privilegiado a aliados da gest\u00e3o municipal, que participaram de entrevistas e programas com conte\u00fado de car\u00e1ter eleitoral.<\/h4>\n<h4 data-start=\"1241\" data-end=\"1512\">Segundo a senten\u00e7a, secret\u00e1rios municipais e a pr\u00f3pria prefeita em exerc\u00edcio utilizaram o espa\u00e7o radiof\u00f4nico para enaltecer a\u00e7\u00f5es da gest\u00e3o e associ\u00e1-las \u00e0 candidatura apoiada, o que caracterizou desequil\u00edbrio na disputa eleitoral.<\/h4>\n<h4 data-start=\"1548\" data-end=\"1899\">O magistrado destacou que as provas apresentadas, incluindo \u00e1udios e degrava\u00e7\u00f5es de programas de r\u00e1dio, foram consideradas v\u00e1lidas e suficientes para comprovar as irregularidades. A defesa dos investigados chegou a questionar a autenticidade dos materiais, mas n\u00e3o apresentou provas que sustentassem a alega\u00e7\u00e3o.<\/h4>\n<h4 data-start=\"1901\" data-end=\"2079\">Ainda conforme a decis\u00e3o, a aus\u00eancia de contraprovas por parte dos investigados refor\u00e7ou a veracidade dos documentos juntados ao processo.<\/h4>\n<h4 data-start=\"2124\" data-end=\"2472\">Na an\u00e1lise do m\u00e9rito, o juiz apontou que houve abuso de poder pol\u00edtico e uso indevido dos meios de comunica\u00e7\u00e3o, com impacto direto na lisura do pleito. A senten\u00e7a ressalta que o r\u00e1dio possui grande alcance em munic\u00edpios do interior, como Ipia\u00fa, influenciando significativamente a forma\u00e7\u00e3o da opini\u00e3o p\u00fablica.<\/h4>\n<h4 data-start=\"2474\" data-end=\"2737\">O magistrado concluiu que a exposi\u00e7\u00e3o massiva e cont\u00ednua dos candidatos e seus apoiadores criou um \u201cdesequil\u00edbrio avassalador\u201d na disputa, comprometendo a igualdade entre os concorrentes e a liberdade de escolha do eleitor.<\/h4>\n<h4 data-start=\"2770\" data-end=\"2845\">Com base nas irregularidades constatadas, a Justi\u00e7a Eleitoral determinou:<\/h4>\n<ul data-start=\"2846\" data-end=\"3135\">\n<li data-section-id=\"17btgxv\" data-start=\"2846\" data-end=\"2907\">\n<h4>a cassa\u00e7\u00e3o dos diplomas e mandatos da prefeita e do vice;<\/h4>\n<\/li>\n<li data-section-id=\"hksro7\" data-start=\"2908\" data-end=\"2953\">\n<h4>a inelegibilidade dos dois por oito anos;<\/h4>\n<\/li>\n<li data-section-id=\"cf4c9q\" data-start=\"2954\" data-end=\"3135\">\n<h4>a realiza\u00e7\u00e3o de nova elei\u00e7\u00e3o no munic\u00edpio, a ser convocada pelo Tribunal Regional Eleitoral da Bahia ap\u00f3s o tr\u00e2nsito em julgado da decis\u00e3o.<\/h4>\n<\/li>\n<\/ul>\n<h4 data-start=\"3137\" data-end=\"3381\">A decis\u00e3o ainda cabe recurso nas inst\u00e2ncias superiores. A prefeita eleita dever\u00e1 recorrer ao Tribunal Regional Eleitoral da Bahia (TRE-BA) contra a senten\u00e7a da 24\u00aa Zona Eleitoral, buscando reverter a cassa\u00e7\u00e3o e as demais penalidades impostas. Enquanto isso, o caso deve ter novos desdobramentos pol\u00edticos e jur\u00eddicos no munic\u00edpio de Ipia\u00fa.<\/h4>\n<h4 data-start=\"626\" data-end=\"814\"><strong data-start=\"626\" data-end=\"657\">Nota da prefeita e do vice<\/strong><\/h4>\n<h4 data-start=\"626\" data-end=\"814\">\u201cTomamos conhecimento, de uma poss\u00edvel decis\u00e3o em A\u00e7\u00e3o de Investiga\u00e7\u00e3o Judicial Eleitoral. Ressaltamos que, at\u00e9 o presente momento, n\u00e3o fomos intimados. Reafirmamos nosso respeito ao Poder Judici\u00e1rio, ao tempo em que informamos que, t\u00e3o logo haja a devida intima\u00e7\u00e3o, adotaremos todas as medidas legais cab\u00edveis, inclusive a interposi\u00e7\u00e3o de recurso, confiantes no restabelecimento da verdade e da justi\u00e7a. Esclarecemos \u00e0 popula\u00e7\u00e3o que seguimos regularmente no exerc\u00edcio dos mandatos de prefeita e vice-prefeito de Ipia\u00fa, trabalhando com responsabilidade, dedica\u00e7\u00e3o e compromisso com o nosso povo. Nossos representantes jur\u00eddicos tomar\u00e3o todas as provid\u00eancias necess\u00e1rias, certos de que n\u00e3o houve qualquer pr\u00e1tica de il\u00edcito eleitoral. Seguimos firmes no prop\u00f3sito de construir uma Ipia\u00fa cada vez melhor, com seriedade, transpar\u00eancia e compromisso p\u00fablico.\u201d (Com informa\u00e7\u00f5es do Giro Ipa\u00fa).<\/h4>\n<\/div>\n<\/div>\n<\/div>\n<\/div>\n<\/div>\n<\/div>\n<\/section>\n<\/div>\n<div class=\"pointer-events-none h-px w-px absolute bottom-0\" aria-hidden=\"true\" data-edge=\"true\"><\/div>\n<\/div>\n<footer class=\"entry-footer\"><\/footer>\n<\/div>\n<\/article>\n<div class=\"my-2\"><\/div>\n<article id=\"post-249928\" class=\"post-249928 post type-post status-publish format-standard hentry category-noticias\">\n<div class=\"container-post\"><\/div>\n<\/article>\n","protected":false},"excerpt":{"rendered":"<p>A Justi\u00e7a Eleitoral da 24\u00aa Zona de Ipia\u00fa decidiu cassar os mandatos da prefeita Laryssa Andrade Santos Fernandes Dias e do vice-prefeito Orlando dos Santos Ribeiro, eleitos nas elei\u00e7\u00f5es municipais de 2024. A decis\u00e3o, assinada pelo juiz eleitoral Hilton de Miranda Gon\u00e7alves nesta quarta-feira (25), tamb\u00e9m declara a inelegibilidade de ambos por oito anos e determina a realiza\u00e7\u00e3o de novas elei\u00e7\u00f5es no munic\u00edpio. A senten\u00e7a \u00e9 resultado de uma A\u00e7\u00e3o de Investiga\u00e7\u00e3o Judicial Eleitoral (AIJE) movida pela coliga\u00e7\u00e3o \u201cIpia\u00fa Unida para Avan\u00e7ar\u201d, que acusou os gestores de uso indevido dos meios de comunica\u00e7\u00e3o social e abuso de poder pol\u00edtico durante [&hellip;]<\/p>\n","protected":false},"author":4,"featured_media":179457,"comment_status":"open","ping_status":"open","sticky":false,"template":"","format":"standard","meta":[],"categories":[304],"tags":[],"_links":{"self":[{"href":"https:\/\/www.cronicasdeitarantim.com.br\/v1\/wp-json\/wp\/v2\/posts\/179456"}],"collection":[{"href":"https:\/\/www.cronicasdeitarantim.com.br\/v1\/wp-json\/wp\/v2\/posts"}],"about":[{"href":"https:\/\/www.cronicasdeitarantim.com.br\/v1\/wp-json\/wp\/v2\/types\/post"}],"author":[{"embeddable":true,"href":"https:\/\/www.cronicasdeitarantim.com.br\/v1\/wp-json\/wp\/v2\/users\/4"}],"replies":[{"embeddable":true,"href":"https:\/\/www.cronicasdeitarantim.com.br\/v1\/wp-json\/wp\/v2\/comments?post=179456"}],"version-history":[{"count":1,"href":"https:\/\/www.cronicasdeitarantim.com.br\/v1\/wp-json\/wp\/v2\/posts\/179456\/revisions"}],"predecessor-version":[{"id":179458,"href":"https:\/\/www.cronicasdeitarantim.com.br\/v1\/wp-json\/wp\/v2\/posts\/179456\/revisions\/179458"}],"wp:featuredmedia":[{"embeddable":true,"href":"https:\/\/www.cronicasdeitarantim.com.br\/v1\/wp-json\/wp\/v2\/media\/179457"}],"wp:attachment":[{"href":"https:\/\/www.cronicasdeitarantim.com.br\/v1\/wp-json\/wp\/v2\/media?parent=179456"}],"wp:term":[{"taxonomy":"category","embeddable":true,"href":"https:\/\/www.cronicasdeitarantim.com.br\/v1\/wp-json\/wp\/v2\/categories?post=179456"},{"taxonomy":"post_tag","embeddable":true,"href":"https:\/\/www.cronicasdeitarantim.com.br\/v1\/wp-json\/wp\/v2\/tags?post=179456"}],"curies":[{"name":"wp","href":"https:\/\/api.w.org\/{rel}","templated":true}]}}