{"id":179427,"date":"2026-03-25T11:57:13","date_gmt":"2026-03-25T14:57:13","guid":{"rendered":"https:\/\/www.cronicasdeitarantim.com.br\/v1\/?p=179427"},"modified":"2026-03-25T11:57:13","modified_gmt":"2026-03-25T14:57:13","slug":"lula-sanciona-lei-antifaccao-e-acaba-com-auxilio-para-familiares-de-presos-membros-de-faccao","status":"publish","type":"post","link":"https:\/\/www.cronicasdeitarantim.com.br\/v1\/2026\/03\/25\/lula-sanciona-lei-antifaccao-e-acaba-com-auxilio-para-familiares-de-presos-membros-de-faccao\/","title":{"rendered":"Lula sanciona lei antifac\u00e7\u00e3o e acaba com aux\u00edlio para familiares de presos membros de fac\u00e7\u00e3o"},"content":{"rendered":"<h4>O presidente Lula (PT) sancionou a nova lei anti-fac\u00e7\u00e3o, e vetou o pagamento de aux\u00edlio-reclus\u00e3o a familiares de integrantes de organiza\u00e7\u00f5es criminosas que est\u00e3o presos. Essa medida faz parte de um esfor\u00e7o mais amplo para endurecer as regras contra o crime organizado.<\/h4>\n<h4>Ao defender a nova legisla\u00e7\u00e3o, o presidente destacou que aqueles que cometem crimes devem perceber que suas a\u00e7\u00f5es n\u00e3o afetam apenas a sociedade, mas tamb\u00e9m suas pr\u00f3prias fam\u00edlias. Ele enfatizou que a responsabiliza\u00e7\u00e3o deve ir al\u00e9m do impacto coletivo, buscando conscientizar os indiv\u00edduos sobre as consequ\u00eancias de suas escolhas.<\/h4>\n<p><iframe loading=\"lazy\" title=\"Lula veda aux\u00edlio-reclus\u00e3o aos familiares de presos membros de fac\u00e7\u00e3o\" width=\"563\" height=\"1000\" src=\"https:\/\/www.youtube.com\/embed\/xOCO9jGOjQk?feature=oembed\" frameborder=\"0\" allow=\"accelerometer; autoplay; clipboard-write; encrypted-media; gyroscope; picture-in-picture; web-share\" referrerpolicy=\"strict-origin-when-cross-origin\" allowfullscreen><\/iframe><\/p>\n","protected":false},"excerpt":{"rendered":"<p>O presidente Lula (PT) sancionou a nova lei anti-fac\u00e7\u00e3o, e vetou o pagamento de aux\u00edlio-reclus\u00e3o a familiares de integrantes de organiza\u00e7\u00f5es criminosas que est\u00e3o presos. Essa medida faz parte de um esfor\u00e7o mais amplo para endurecer as regras contra o crime organizado. Ao defender a nova legisla\u00e7\u00e3o, o presidente destacou que aqueles que cometem crimes devem perceber que suas a\u00e7\u00f5es n\u00e3o afetam apenas a sociedade, mas tamb\u00e9m suas pr\u00f3prias fam\u00edlias. Ele enfatizou que a responsabiliza\u00e7\u00e3o deve ir al\u00e9m do impacto coletivo, buscando conscientizar os indiv\u00edduos sobre as consequ\u00eancias de suas escolhas.<\/p>\n","protected":false},"author":4,"featured_media":179428,"comment_status":"open","ping_status":"open","sticky":false,"template":"","format":"standard","meta":[],"categories":[296],"tags":[],"_links":{"self":[{"href":"https:\/\/www.cronicasdeitarantim.com.br\/v1\/wp-json\/wp\/v2\/posts\/179427"}],"collection":[{"href":"https:\/\/www.cronicasdeitarantim.com.br\/v1\/wp-json\/wp\/v2\/posts"}],"about":[{"href":"https:\/\/www.cronicasdeitarantim.com.br\/v1\/wp-json\/wp\/v2\/types\/post"}],"author":[{"embeddable":true,"href":"https:\/\/www.cronicasdeitarantim.com.br\/v1\/wp-json\/wp\/v2\/users\/4"}],"replies":[{"embeddable":true,"href":"https:\/\/www.cronicasdeitarantim.com.br\/v1\/wp-json\/wp\/v2\/comments?post=179427"}],"version-history":[{"count":1,"href":"https:\/\/www.cronicasdeitarantim.com.br\/v1\/wp-json\/wp\/v2\/posts\/179427\/revisions"}],"predecessor-version":[{"id":179429,"href":"https:\/\/www.cronicasdeitarantim.com.br\/v1\/wp-json\/wp\/v2\/posts\/179427\/revisions\/179429"}],"wp:featuredmedia":[{"embeddable":true,"href":"https:\/\/www.cronicasdeitarantim.com.br\/v1\/wp-json\/wp\/v2\/media\/179428"}],"wp:attachment":[{"href":"https:\/\/www.cronicasdeitarantim.com.br\/v1\/wp-json\/wp\/v2\/media?parent=179427"}],"wp:term":[{"taxonomy":"category","embeddable":true,"href":"https:\/\/www.cronicasdeitarantim.com.br\/v1\/wp-json\/wp\/v2\/categories?post=179427"},{"taxonomy":"post_tag","embeddable":true,"href":"https:\/\/www.cronicasdeitarantim.com.br\/v1\/wp-json\/wp\/v2\/tags?post=179427"}],"curies":[{"name":"wp","href":"https:\/\/api.w.org\/{rel}","templated":true}]}}