{"id":179423,"date":"2026-03-25T11:20:59","date_gmt":"2026-03-25T14:20:59","guid":{"rendered":"https:\/\/www.cronicasdeitarantim.com.br\/v1\/?p=179423"},"modified":"2026-03-25T11:21:43","modified_gmt":"2026-03-25T14:21:43","slug":"atendendo-pedido-da-prefeitura-de-potiragua-governo-do-estado-iniciou-obra-de-infraestrutura-no-colegio-de-tempo-integral","status":"publish","type":"post","link":"https:\/\/www.cronicasdeitarantim.com.br\/v1\/2026\/03\/25\/atendendo-pedido-da-prefeitura-de-potiragua-governo-do-estado-iniciou-obra-de-infraestrutura-no-colegio-de-tempo-integral\/","title":{"rendered":"Atendendo pedido da Prefeitura de Potiragu\u00e1, Governo do Estado iniciou obra de infraestrutura no Col\u00e9gio de Tempo Integral"},"content":{"rendered":"<h4>Na \u00faltima segunda-feira, 23 de mar\u00e7o, o Governo do Estado deu in\u00edcio aos trabalhos de acessibilidade e requalifica\u00e7\u00e3o na BA-270, em Potiragu\u00e1, especificamente no trecho que leva ao novo Col\u00e9gio Estadual de Tempo Integral An\u00edsio Teixeira.<\/h4>\n<h4>As obras, que est\u00e3o sendo realizadas pela Secretaria de Infraestrutura da Bahia, foram motivadas por um pedido do prefeito Elias Carvalho. Ele, que se encontra em Salvador, enfatizou a import\u00e2ncia de acelerar os servi\u00e7os para atender a uma demanda crescente da comunidade local.<\/h4>\n<h4>O projeto abrange aproximadamente 4 quil\u00f4metros de requalifica\u00e7\u00e3o asf\u00e1ltica, come\u00e7ando na ponte sobre o C\u00f3rrego do Nado e se estendendo at\u00e9 o entroncamento da BA-680, rumo \u00e0 BR-101. A iniciativa n\u00e3o s\u00f3 pretende melhorar a mobilidade urbana, mas tamb\u00e9m aumentar a seguran\u00e7a e facilitar o acesso de estudantes, professores e moradores ao novo col\u00e9gio.<\/h4>\n<h4>Com a conclus\u00e3o das obras, espera-se que o trecho ofere\u00e7a condi\u00e7\u00f5es de tr\u00e1fego mais adequadas e uma maior acessibilidade, beneficiando todos os usu\u00e1rios da via e contribuindo para o desenvolvimento da regi\u00e3o.<\/h4>\n","protected":false},"excerpt":{"rendered":"<p>Na \u00faltima segunda-feira, 23 de mar\u00e7o, o Governo do Estado deu in\u00edcio aos trabalhos de acessibilidade e requalifica\u00e7\u00e3o na BA-270, em Potiragu\u00e1, especificamente no trecho que leva ao novo Col\u00e9gio Estadual de Tempo Integral An\u00edsio Teixeira. As obras, que est\u00e3o sendo realizadas pela Secretaria de Infraestrutura da Bahia, foram motivadas por um pedido do prefeito Elias Carvalho. Ele, que se encontra em Salvador, enfatizou a import\u00e2ncia de acelerar os servi\u00e7os para atender a uma demanda crescente da comunidade local. O projeto abrange aproximadamente 4 quil\u00f4metros de requalifica\u00e7\u00e3o asf\u00e1ltica, come\u00e7ando na ponte sobre o C\u00f3rrego do Nado e se estendendo at\u00e9 [&hellip;]<\/p>\n","protected":false},"author":4,"featured_media":179424,"comment_status":"open","ping_status":"open","sticky":false,"template":"","format":"standard","meta":[],"categories":[304],"tags":[],"_links":{"self":[{"href":"https:\/\/www.cronicasdeitarantim.com.br\/v1\/wp-json\/wp\/v2\/posts\/179423"}],"collection":[{"href":"https:\/\/www.cronicasdeitarantim.com.br\/v1\/wp-json\/wp\/v2\/posts"}],"about":[{"href":"https:\/\/www.cronicasdeitarantim.com.br\/v1\/wp-json\/wp\/v2\/types\/post"}],"author":[{"embeddable":true,"href":"https:\/\/www.cronicasdeitarantim.com.br\/v1\/wp-json\/wp\/v2\/users\/4"}],"replies":[{"embeddable":true,"href":"https:\/\/www.cronicasdeitarantim.com.br\/v1\/wp-json\/wp\/v2\/comments?post=179423"}],"version-history":[{"count":2,"href":"https:\/\/www.cronicasdeitarantim.com.br\/v1\/wp-json\/wp\/v2\/posts\/179423\/revisions"}],"predecessor-version":[{"id":179426,"href":"https:\/\/www.cronicasdeitarantim.com.br\/v1\/wp-json\/wp\/v2\/posts\/179423\/revisions\/179426"}],"wp:featuredmedia":[{"embeddable":true,"href":"https:\/\/www.cronicasdeitarantim.com.br\/v1\/wp-json\/wp\/v2\/media\/179424"}],"wp:attachment":[{"href":"https:\/\/www.cronicasdeitarantim.com.br\/v1\/wp-json\/wp\/v2\/media?parent=179423"}],"wp:term":[{"taxonomy":"category","embeddable":true,"href":"https:\/\/www.cronicasdeitarantim.com.br\/v1\/wp-json\/wp\/v2\/categories?post=179423"},{"taxonomy":"post_tag","embeddable":true,"href":"https:\/\/www.cronicasdeitarantim.com.br\/v1\/wp-json\/wp\/v2\/tags?post=179423"}],"curies":[{"name":"wp","href":"https:\/\/api.w.org\/{rel}","templated":true}]}}