{"id":179420,"date":"2026-03-25T10:45:47","date_gmt":"2026-03-25T13:45:47","guid":{"rendered":"https:\/\/www.cronicasdeitarantim.com.br\/v1\/?p=179420"},"modified":"2026-03-25T10:45:47","modified_gmt":"2026-03-25T13:45:47","slug":"eleicoes-2026-lula-empata-com-flavio-bolsonaro-e-outros-candidatos-no-2o-turno-diz-pesquisa","status":"publish","type":"post","link":"https:\/\/www.cronicasdeitarantim.com.br\/v1\/2026\/03\/25\/eleicoes-2026-lula-empata-com-flavio-bolsonaro-e-outros-candidatos-no-2o-turno-diz-pesquisa\/","title":{"rendered":"Elei\u00e7\u00f5es 2026: Lula empata com Fl\u00e1vio Bolsonaro e outros candidatos no 2\u00ba turno, diz pesquisa"},"content":{"rendered":"<div class=\"conteudo_post\">\n<h4>O instituto AtlasIntel divulgou nesta quarta-feira, 25 de mar\u00e7o, uma nova pesquisa de inten\u00e7\u00f5es de voto para presidente da Rep\u00fablica nas elei\u00e7\u00f5es deste ano.<\/h4>\n<h4>Nas simula\u00e7\u00f5es de segundo turno, Lula empata tecnicamente com Fl\u00e1vio Bolsonaro, Michelle Bolsonaro (PL) e Tarc\u00edsio de Freitas (Republicanos). O petista venceria caso enfrentasse Romeu Zema (Novo), Ronaldo Caiado (PSD), Ratinho Junior (PSD) e Eduardo Leite (PSD).<\/h4>\n<h4>De acordo com a publica\u00e7\u00e3o, Fl\u00e1vio Bolsonaro aparece com 47,6% das inten\u00e7\u00f5es de voto, contra 46,6% de Lula. Votos branco ou nulos ou que n\u00e3o responderam somam 58%. A diferen\u00e7a de um ponto percentual est\u00e1 dentro da margem de erro, configurando empate t\u00e9cnico.<\/h4>\n<h4>Na compara\u00e7\u00e3o com a \u00faltima pesquisa divulgada em fevereiro, Lula teve uma leve oscila\u00e7\u00e3o positiva de 0,5 ponto percentual e Fl\u00e1vio cresceu 1,3 pontos em rela\u00e7\u00e3o a pesquisa anterior e ultrapassou o petista<\/h4>\n<h4>Em uma disputa contra Tarc\u00edsio de Freitas (Republicanos), o governador de S\u00e3o Paulo aparece com 47,2%, contra 46,3% do petista. Branco\/nulo\/n\u00e3o sabe somam 6,5%. J\u00e1 em uma disputa entre Michelle Bolsonaro (PL) e Lula, a ex-primeira-dama aparece com 47% e petista com 46,8% das inten\u00e7\u00f5es de voto. Branco\/nulo\/n\u00e3o sabe s\u00e3o 6,2%<\/h4>\n<h4>J\u00e1 nos demais cen\u00e1rios avaliados pela pesquisa, o presidente segue com vantagem. Contra Romeu Zema (Novo), Lula tem 46,6%, contra frente a 43,7%. J\u00e1 contra Ronaldo Caiado (PSD), a diferen\u00e7a \u00e9 maior: 46,2% a 36,7%.<\/h4>\n<h4>O instituto entrevistou 5.028 pessoas entre os dias 18 e 23 de mar\u00e7o. A margem de erro \u00e9 de 1 ponto percentual, para mais ou para menos, com um n\u00edvel de confian\u00e7a \u00e9 de 95%. O levantamento foi registrado no Tribunal Superior Eleitoral sob o n\u00ba BR-04227\/2026.<\/h4>\n<\/div>\n<div id=\"author-info\" class=\"ui items\">\n<div class=\"item\"><\/div>\n<\/div>\n","protected":false},"excerpt":{"rendered":"<p>O instituto AtlasIntel divulgou nesta quarta-feira, 25 de mar\u00e7o, uma nova pesquisa de inten\u00e7\u00f5es de voto para presidente da Rep\u00fablica nas elei\u00e7\u00f5es deste ano. Nas simula\u00e7\u00f5es de segundo turno, Lula empata tecnicamente com Fl\u00e1vio Bolsonaro, Michelle Bolsonaro (PL) e Tarc\u00edsio de Freitas (Republicanos). O petista venceria caso enfrentasse Romeu Zema (Novo), Ronaldo Caiado (PSD), Ratinho Junior (PSD) e Eduardo Leite (PSD). De acordo com a publica\u00e7\u00e3o, Fl\u00e1vio Bolsonaro aparece com 47,6% das inten\u00e7\u00f5es de voto, contra 46,6% de Lula. Votos branco ou nulos ou que n\u00e3o responderam somam 58%. A diferen\u00e7a de um ponto percentual est\u00e1 dentro da margem de [&hellip;]<\/p>\n","protected":false},"author":4,"featured_media":179421,"comment_status":"open","ping_status":"open","sticky":false,"template":"","format":"standard","meta":[],"categories":[296],"tags":[],"_links":{"self":[{"href":"https:\/\/www.cronicasdeitarantim.com.br\/v1\/wp-json\/wp\/v2\/posts\/179420"}],"collection":[{"href":"https:\/\/www.cronicasdeitarantim.com.br\/v1\/wp-json\/wp\/v2\/posts"}],"about":[{"href":"https:\/\/www.cronicasdeitarantim.com.br\/v1\/wp-json\/wp\/v2\/types\/post"}],"author":[{"embeddable":true,"href":"https:\/\/www.cronicasdeitarantim.com.br\/v1\/wp-json\/wp\/v2\/users\/4"}],"replies":[{"embeddable":true,"href":"https:\/\/www.cronicasdeitarantim.com.br\/v1\/wp-json\/wp\/v2\/comments?post=179420"}],"version-history":[{"count":1,"href":"https:\/\/www.cronicasdeitarantim.com.br\/v1\/wp-json\/wp\/v2\/posts\/179420\/revisions"}],"predecessor-version":[{"id":179422,"href":"https:\/\/www.cronicasdeitarantim.com.br\/v1\/wp-json\/wp\/v2\/posts\/179420\/revisions\/179422"}],"wp:featuredmedia":[{"embeddable":true,"href":"https:\/\/www.cronicasdeitarantim.com.br\/v1\/wp-json\/wp\/v2\/media\/179421"}],"wp:attachment":[{"href":"https:\/\/www.cronicasdeitarantim.com.br\/v1\/wp-json\/wp\/v2\/media?parent=179420"}],"wp:term":[{"taxonomy":"category","embeddable":true,"href":"https:\/\/www.cronicasdeitarantim.com.br\/v1\/wp-json\/wp\/v2\/categories?post=179420"},{"taxonomy":"post_tag","embeddable":true,"href":"https:\/\/www.cronicasdeitarantim.com.br\/v1\/wp-json\/wp\/v2\/tags?post=179420"}],"curies":[{"name":"wp","href":"https:\/\/api.w.org\/{rel}","templated":true}]}}