{"id":179406,"date":"2026-03-24T11:45:40","date_gmt":"2026-03-24T14:45:40","guid":{"rendered":"https:\/\/www.cronicasdeitarantim.com.br\/v1\/?p=179406"},"modified":"2026-03-24T11:45:40","modified_gmt":"2026-03-24T14:45:40","slug":"prefeitura-de-potiragua-adquire-novo-veiculo-para-transporte-de-pacientes","status":"publish","type":"post","link":"https:\/\/www.cronicasdeitarantim.com.br\/v1\/2026\/03\/24\/prefeitura-de-potiragua-adquire-novo-veiculo-para-transporte-de-pacientes\/","title":{"rendered":"Prefeitura de Potiragu\u00e1 adquire novo ve\u00edculo para transporte de pacientes"},"content":{"rendered":"<h4>A Prefeitura de Potiragu\u00e1, no M\u00e9dio Sudoeste da Bahia, adquiriu um micro-\u00f4nibus novinho para a sa\u00fade por indica\u00e7\u00e3o do deputado federal Neto Carlleto. O micro-\u00f4nibus servir\u00e1 \u00e0 \u00e1rea da sa\u00fade e facilitar\u00e1 o transporte de pacientes para outros munic\u00edpios.<\/h4>\n<h4>O prefeito de Potiragu\u00e1, Elias Carvalho, tem feito investimentos na \u00e1rea da sa\u00fade, beneficiando a popula\u00e7\u00e3o do munic\u00edpio. Moradores afirmam que a gest\u00e3o do prefeito mudou a sa\u00fade do munic\u00edpio, melhorando o investimento e o atendimento \u00e0 popula\u00e7\u00e3o.<\/h4>\n<h4>O governo afirmou, atrav\u00e9s de suas redes sociais oficiais, que este \u00e9 mais um equipamento que ir\u00e1 atender \u00e0s demandas da popula\u00e7\u00e3o e melhorar os translados para outros munic\u00edpios.<\/h4>\n","protected":false},"excerpt":{"rendered":"<p>A Prefeitura de Potiragu\u00e1, no M\u00e9dio Sudoeste da Bahia, adquiriu um micro-\u00f4nibus novinho para a sa\u00fade por indica\u00e7\u00e3o do deputado federal Neto Carlleto. O micro-\u00f4nibus servir\u00e1 \u00e0 \u00e1rea da sa\u00fade e facilitar\u00e1 o transporte de pacientes para outros munic\u00edpios. O prefeito de Potiragu\u00e1, Elias Carvalho, tem feito investimentos na \u00e1rea da sa\u00fade, beneficiando a popula\u00e7\u00e3o do munic\u00edpio. Moradores afirmam que a gest\u00e3o do prefeito mudou a sa\u00fade do munic\u00edpio, melhorando o investimento e o atendimento \u00e0 popula\u00e7\u00e3o. O governo afirmou, atrav\u00e9s de suas redes sociais oficiais, que este \u00e9 mais um equipamento que ir\u00e1 atender \u00e0s demandas da popula\u00e7\u00e3o e [&hellip;]<\/p>\n","protected":false},"author":4,"featured_media":179407,"comment_status":"open","ping_status":"open","sticky":false,"template":"","format":"standard","meta":[],"categories":[304],"tags":[],"_links":{"self":[{"href":"https:\/\/www.cronicasdeitarantim.com.br\/v1\/wp-json\/wp\/v2\/posts\/179406"}],"collection":[{"href":"https:\/\/www.cronicasdeitarantim.com.br\/v1\/wp-json\/wp\/v2\/posts"}],"about":[{"href":"https:\/\/www.cronicasdeitarantim.com.br\/v1\/wp-json\/wp\/v2\/types\/post"}],"author":[{"embeddable":true,"href":"https:\/\/www.cronicasdeitarantim.com.br\/v1\/wp-json\/wp\/v2\/users\/4"}],"replies":[{"embeddable":true,"href":"https:\/\/www.cronicasdeitarantim.com.br\/v1\/wp-json\/wp\/v2\/comments?post=179406"}],"version-history":[{"count":1,"href":"https:\/\/www.cronicasdeitarantim.com.br\/v1\/wp-json\/wp\/v2\/posts\/179406\/revisions"}],"predecessor-version":[{"id":179408,"href":"https:\/\/www.cronicasdeitarantim.com.br\/v1\/wp-json\/wp\/v2\/posts\/179406\/revisions\/179408"}],"wp:featuredmedia":[{"embeddable":true,"href":"https:\/\/www.cronicasdeitarantim.com.br\/v1\/wp-json\/wp\/v2\/media\/179407"}],"wp:attachment":[{"href":"https:\/\/www.cronicasdeitarantim.com.br\/v1\/wp-json\/wp\/v2\/media?parent=179406"}],"wp:term":[{"taxonomy":"category","embeddable":true,"href":"https:\/\/www.cronicasdeitarantim.com.br\/v1\/wp-json\/wp\/v2\/categories?post=179406"},{"taxonomy":"post_tag","embeddable":true,"href":"https:\/\/www.cronicasdeitarantim.com.br\/v1\/wp-json\/wp\/v2\/tags?post=179406"}],"curies":[{"name":"wp","href":"https:\/\/api.w.org\/{rel}","templated":true}]}}