{"id":179404,"date":"2026-03-24T10:40:15","date_gmt":"2026-03-24T13:40:15","guid":{"rendered":"https:\/\/www.cronicasdeitarantim.com.br\/v1\/?p=179404"},"modified":"2026-03-24T10:40:15","modified_gmt":"2026-03-24T13:40:15","slug":"entre-investimentos-e-sucessao-o-cenario-politico-em-itarantim-e-a-dor-de-cabeca-que-o-prefeito-tera-na-escolha","status":"publish","type":"post","link":"https:\/\/www.cronicasdeitarantim.com.br\/v1\/2026\/03\/24\/entre-investimentos-e-sucessao-o-cenario-politico-em-itarantim-e-a-dor-de-cabeca-que-o-prefeito-tera-na-escolha\/","title":{"rendered":"Entre investimentos e sucess\u00e3o: o cen\u00e1rio pol\u00edtico em Itarantim e a dor de cabe\u00e7a que o prefeito ter\u00e1 na escolha"},"content":{"rendered":"<h4>O prefeito de Itarantim, F\u00e1bio Gusm\u00e3o (PSD), realizou a entrega de materiais escolares para os col\u00e9gios do munic\u00edpio, um investimento superior a R$ 1,6 milh\u00e3o, conforme publicado nas redes oficiais da Prefeitura.<\/h4>\n<h4>No entanto, o que tem dominado as discuss\u00f5es internas do governo nos \u00faltimos meses n\u00e3o s\u00e3o as a\u00e7\u00f5es administrativas, os atrasos em obras ou a manuten\u00e7\u00e3o das ruas, mas sim a dificuldade do prefeito em definir seu sucessor para 2028.<\/h4>\n<h4>Segundo informa\u00e7\u00f5es de bastidores, o gestor tem insistido no nome do secret\u00e1rio de Administra\u00e7\u00e3o, Jailton Brito (conhecido como Jai Mam\u00e3o). Contudo, ele enfrenta forte resist\u00eancia interna, com a maioria da base governista rejeitando sua indica\u00e7\u00e3o.<\/h4>\n<h4>Na \u00faltima semana, a coluna &#8220;Fogo no Parquinho&#8221;, publicada aqui, trouxe a informa\u00e7\u00e3o de que outro nome corre por fora: o do procurador do munic\u00edpio, Rodrigo Cheiroso. De acordo com a apura\u00e7\u00e3o, j\u00e1 existem grupos formados dentro da Prefeitura articulando o nome do procurador para descartar, em definitivo, a pr\u00e9-candidatura de &#8220;Mam\u00e3o&#8221;.<\/h4>\n<h4>Durante a entrega dos recursos para a educa\u00e7\u00e3o, o secret\u00e1rio Jailton, que andava sumido dos eventos oficiais, marcou presen\u00e7a. Mas ele n\u00e3o era o \u00fanico de olho no futuro. Tamb\u00e9m foi notada a presen\u00e7a de outros pretendentes ao cargo, como o secret\u00e1rio de Obras, Marcos Vin\u00edcius, que, segundo informa\u00e7\u00f5es, tamb\u00e9m almeja a disputa em 2028.<\/h4>\n<h4>O ponto curioso no governo de F\u00e1bio Gusm\u00e3o parece ser justamente essa diversidade de nomes: alguns mais queridos, outros mais rejeitados pela c\u00fapula. Agora, resta saber se essa movimenta\u00e7\u00e3o interna ter\u00e1 reflexo na opini\u00e3o do povo.<\/h4>\n<h4>Vai l\u00e1 na p\u00e1gina do portal no instagram, tem enquete!<\/h4>\n","protected":false},"excerpt":{"rendered":"<p>O prefeito de Itarantim, F\u00e1bio Gusm\u00e3o (PSD), realizou a entrega de materiais escolares para os col\u00e9gios do munic\u00edpio, um investimento superior a R$ 1,6 milh\u00e3o, conforme publicado nas redes oficiais da Prefeitura. No entanto, o que tem dominado as discuss\u00f5es internas do governo nos \u00faltimos meses n\u00e3o s\u00e3o as a\u00e7\u00f5es administrativas, os atrasos em obras ou a manuten\u00e7\u00e3o das ruas, mas sim a dificuldade do prefeito em definir seu sucessor para 2028. Segundo informa\u00e7\u00f5es de bastidores, o gestor tem insistido no nome do secret\u00e1rio de Administra\u00e7\u00e3o, Jailton Brito (conhecido como Jai Mam\u00e3o). Contudo, ele enfrenta forte resist\u00eancia interna, com a [&hellip;]<\/p>\n","protected":false},"author":4,"featured_media":179388,"comment_status":"open","ping_status":"open","sticky":false,"template":"","format":"standard","meta":[],"categories":[304],"tags":[],"_links":{"self":[{"href":"https:\/\/www.cronicasdeitarantim.com.br\/v1\/wp-json\/wp\/v2\/posts\/179404"}],"collection":[{"href":"https:\/\/www.cronicasdeitarantim.com.br\/v1\/wp-json\/wp\/v2\/posts"}],"about":[{"href":"https:\/\/www.cronicasdeitarantim.com.br\/v1\/wp-json\/wp\/v2\/types\/post"}],"author":[{"embeddable":true,"href":"https:\/\/www.cronicasdeitarantim.com.br\/v1\/wp-json\/wp\/v2\/users\/4"}],"replies":[{"embeddable":true,"href":"https:\/\/www.cronicasdeitarantim.com.br\/v1\/wp-json\/wp\/v2\/comments?post=179404"}],"version-history":[{"count":1,"href":"https:\/\/www.cronicasdeitarantim.com.br\/v1\/wp-json\/wp\/v2\/posts\/179404\/revisions"}],"predecessor-version":[{"id":179405,"href":"https:\/\/www.cronicasdeitarantim.com.br\/v1\/wp-json\/wp\/v2\/posts\/179404\/revisions\/179405"}],"wp:featuredmedia":[{"embeddable":true,"href":"https:\/\/www.cronicasdeitarantim.com.br\/v1\/wp-json\/wp\/v2\/media\/179388"}],"wp:attachment":[{"href":"https:\/\/www.cronicasdeitarantim.com.br\/v1\/wp-json\/wp\/v2\/media?parent=179404"}],"wp:term":[{"taxonomy":"category","embeddable":true,"href":"https:\/\/www.cronicasdeitarantim.com.br\/v1\/wp-json\/wp\/v2\/categories?post=179404"},{"taxonomy":"post_tag","embeddable":true,"href":"https:\/\/www.cronicasdeitarantim.com.br\/v1\/wp-json\/wp\/v2\/tags?post=179404"}],"curies":[{"name":"wp","href":"https:\/\/api.w.org\/{rel}","templated":true}]}}