{"id":179380,"date":"2026-03-23T10:16:11","date_gmt":"2026-03-23T13:16:11","guid":{"rendered":"https:\/\/www.cronicasdeitarantim.com.br\/v1\/?p=179380"},"modified":"2026-03-23T10:16:11","modified_gmt":"2026-03-23T13:16:11","slug":"imposto-de-renda-2026-envio-das-declaracoes-comeca-nesta-segunda-feira","status":"publish","type":"post","link":"https:\/\/www.cronicasdeitarantim.com.br\/v1\/2026\/03\/23\/imposto-de-renda-2026-envio-das-declaracoes-comeca-nesta-segunda-feira\/","title":{"rendered":"Imposto de Renda 2026: envio das declara\u00e7\u00f5es come\u00e7a nesta segunda-feira"},"content":{"rendered":"<h4>O prazo para enviar a Declara\u00e7\u00e3o do Imposto de Renda 2026 come\u00e7ou nesta segunda-feira, 23 de mar\u00e7o, e vai at\u00e9 29 de maio, com expectativa de 44 milh\u00f5es de envios. A declara\u00e7\u00e3o pode ser feita pelo programa oficial ou online, e neste ano o per\u00edodo \u00e9 mais curto, com in\u00edcio adiado em uma semana.<\/h4>\n<h4>Entre as novidades est\u00e3o o uso de nome social, inclus\u00e3o de dados de ra\u00e7a e cor, declara\u00e7\u00e3o pr\u00e9-preenchida desde o primeiro dia e restitui\u00e7\u00e3o em quatro lotes. Tamb\u00e9m haver\u00e1 prioridade para quem usar pr\u00e9-preenchida e Pix, al\u00e9m da cria\u00e7\u00e3o de um \u201ccashback\u201d para contribuintes isentos que tiveram imposto retido, com restitui\u00e7\u00f5es autom\u00e1ticas.<\/h4>\n<h4>Devem declarar quem teve rendimentos acima dos limites, bens elevados ou opera\u00e7\u00f5es financeiras espec\u00edficas. A Receita tamb\u00e9m passou a exigir a declara\u00e7\u00e3o de ganhos com apostas online. As restitui\u00e7\u00f5es ser\u00e3o pagas de maio a agosto, e quem perder o prazo pagar\u00e1 multa m\u00ednima de R$ 165,74, podendo chegar a 20% do imposto devido.<\/h4>\n","protected":false},"excerpt":{"rendered":"<p>O prazo para enviar a Declara\u00e7\u00e3o do Imposto de Renda 2026 come\u00e7ou nesta segunda-feira, 23 de mar\u00e7o, e vai at\u00e9 29 de maio, com expectativa de 44 milh\u00f5es de envios. A declara\u00e7\u00e3o pode ser feita pelo programa oficial ou online, e neste ano o per\u00edodo \u00e9 mais curto, com in\u00edcio adiado em uma semana. Entre as novidades est\u00e3o o uso de nome social, inclus\u00e3o de dados de ra\u00e7a e cor, declara\u00e7\u00e3o pr\u00e9-preenchida desde o primeiro dia e restitui\u00e7\u00e3o em quatro lotes. Tamb\u00e9m haver\u00e1 prioridade para quem usar pr\u00e9-preenchida e Pix, al\u00e9m da cria\u00e7\u00e3o de um \u201ccashback\u201d para contribuintes isentos que [&hellip;]<\/p>\n","protected":false},"author":4,"featured_media":179381,"comment_status":"open","ping_status":"open","sticky":false,"template":"","format":"standard","meta":[],"categories":[296],"tags":[],"_links":{"self":[{"href":"https:\/\/www.cronicasdeitarantim.com.br\/v1\/wp-json\/wp\/v2\/posts\/179380"}],"collection":[{"href":"https:\/\/www.cronicasdeitarantim.com.br\/v1\/wp-json\/wp\/v2\/posts"}],"about":[{"href":"https:\/\/www.cronicasdeitarantim.com.br\/v1\/wp-json\/wp\/v2\/types\/post"}],"author":[{"embeddable":true,"href":"https:\/\/www.cronicasdeitarantim.com.br\/v1\/wp-json\/wp\/v2\/users\/4"}],"replies":[{"embeddable":true,"href":"https:\/\/www.cronicasdeitarantim.com.br\/v1\/wp-json\/wp\/v2\/comments?post=179380"}],"version-history":[{"count":1,"href":"https:\/\/www.cronicasdeitarantim.com.br\/v1\/wp-json\/wp\/v2\/posts\/179380\/revisions"}],"predecessor-version":[{"id":179382,"href":"https:\/\/www.cronicasdeitarantim.com.br\/v1\/wp-json\/wp\/v2\/posts\/179380\/revisions\/179382"}],"wp:featuredmedia":[{"embeddable":true,"href":"https:\/\/www.cronicasdeitarantim.com.br\/v1\/wp-json\/wp\/v2\/media\/179381"}],"wp:attachment":[{"href":"https:\/\/www.cronicasdeitarantim.com.br\/v1\/wp-json\/wp\/v2\/media?parent=179380"}],"wp:term":[{"taxonomy":"category","embeddable":true,"href":"https:\/\/www.cronicasdeitarantim.com.br\/v1\/wp-json\/wp\/v2\/categories?post=179380"},{"taxonomy":"post_tag","embeddable":true,"href":"https:\/\/www.cronicasdeitarantim.com.br\/v1\/wp-json\/wp\/v2\/tags?post=179380"}],"curies":[{"name":"wp","href":"https:\/\/api.w.org\/{rel}","templated":true}]}}