{"id":179341,"date":"2026-03-20T13:56:22","date_gmt":"2026-03-20T16:56:22","guid":{"rendered":"https:\/\/www.cronicasdeitarantim.com.br\/v1\/?p=179341"},"modified":"2026-03-20T14:03:58","modified_gmt":"2026-03-20T17:03:58","slug":"com-ausencia-da-prefeitura-de-itarantim-moradores-e-vereador-da-regiao-do-dibanda-realizam-trabalho-em-estrada","status":"publish","type":"post","link":"https:\/\/www.cronicasdeitarantim.com.br\/v1\/2026\/03\/20\/com-ausencia-da-prefeitura-de-itarantim-moradores-e-vereador-da-regiao-do-dibanda-realizam-trabalho-em-estrada\/","title":{"rendered":"Com aus\u00eancia da Prefeitura de Itarantim, moradores e vereador da regi\u00e3o do Dibanda realizam trabalho em estrada"},"content":{"rendered":"<h4>Moradores da regi\u00e3o do Dibanda, zona rural de Itarantim, tomam iniciativa pr\u00f3pria de concertar a estrada, por falta de a\u00e7\u00e3o da Prefeitura de Itarantim. Essa estrada faz liga\u00e7\u00e3o ao munic\u00edpio e se encontra em p\u00e9ssimas condi\u00e7\u00f5es de transitar.<\/h4>\n<h4>Essa localidade \u00e9 conhecida como a Ladeira do Dibanda e h\u00e1 muito tempo os moradores reclamam das p\u00e9ssimas condi\u00e7\u00f5es.<\/h4>\n<h4>Constantemente, o vereador Jeferson Motot\u00e1xi, reclama pedindo melhorias das condi\u00e7\u00f5es desta regi\u00e3o. Inclusive, segundo as informa\u00e7\u00f5es, o vereador Jeferson, estava nesta iniciativa junto com os moradores.<\/h4>\n<h4>Ainda de acordo com informa\u00e7\u00f5es coletadas pelo Portal Cr\u00f4nicas de Itarantim aos moradores, uma m\u00e1quina da Prefeitura estava certa para ir at\u00e9 a localidade, no entanto a m\u00e1quina n\u00e3o acabou indo e os moradores tiveram que fazer os trabalhos na base da m\u00e3o com enxadas e picaretas.<\/h4>\n","protected":false},"excerpt":{"rendered":"<p>Moradores da regi\u00e3o do Dibanda, zona rural de Itarantim, tomam iniciativa pr\u00f3pria de concertar a estrada, por falta de a\u00e7\u00e3o da Prefeitura de Itarantim. Essa estrada faz liga\u00e7\u00e3o ao munic\u00edpio e se encontra em p\u00e9ssimas condi\u00e7\u00f5es de transitar. Essa localidade \u00e9 conhecida como a Ladeira do Dibanda e h\u00e1 muito tempo os moradores reclamam das p\u00e9ssimas condi\u00e7\u00f5es. Constantemente, o vereador Jeferson Motot\u00e1xi, reclama pedindo melhorias das condi\u00e7\u00f5es desta regi\u00e3o. Inclusive, segundo as informa\u00e7\u00f5es, o vereador Jeferson, estava nesta iniciativa junto com os moradores. Ainda de acordo com informa\u00e7\u00f5es coletadas pelo Portal Cr\u00f4nicas de Itarantim aos moradores, uma m\u00e1quina da Prefeitura [&hellip;]<\/p>\n","protected":false},"author":4,"featured_media":179342,"comment_status":"open","ping_status":"open","sticky":false,"template":"","format":"standard","meta":[],"categories":[304],"tags":[],"_links":{"self":[{"href":"https:\/\/www.cronicasdeitarantim.com.br\/v1\/wp-json\/wp\/v2\/posts\/179341"}],"collection":[{"href":"https:\/\/www.cronicasdeitarantim.com.br\/v1\/wp-json\/wp\/v2\/posts"}],"about":[{"href":"https:\/\/www.cronicasdeitarantim.com.br\/v1\/wp-json\/wp\/v2\/types\/post"}],"author":[{"embeddable":true,"href":"https:\/\/www.cronicasdeitarantim.com.br\/v1\/wp-json\/wp\/v2\/users\/4"}],"replies":[{"embeddable":true,"href":"https:\/\/www.cronicasdeitarantim.com.br\/v1\/wp-json\/wp\/v2\/comments?post=179341"}],"version-history":[{"count":2,"href":"https:\/\/www.cronicasdeitarantim.com.br\/v1\/wp-json\/wp\/v2\/posts\/179341\/revisions"}],"predecessor-version":[{"id":179344,"href":"https:\/\/www.cronicasdeitarantim.com.br\/v1\/wp-json\/wp\/v2\/posts\/179341\/revisions\/179344"}],"wp:featuredmedia":[{"embeddable":true,"href":"https:\/\/www.cronicasdeitarantim.com.br\/v1\/wp-json\/wp\/v2\/media\/179342"}],"wp:attachment":[{"href":"https:\/\/www.cronicasdeitarantim.com.br\/v1\/wp-json\/wp\/v2\/media?parent=179341"}],"wp:term":[{"taxonomy":"category","embeddable":true,"href":"https:\/\/www.cronicasdeitarantim.com.br\/v1\/wp-json\/wp\/v2\/categories?post=179341"},{"taxonomy":"post_tag","embeddable":true,"href":"https:\/\/www.cronicasdeitarantim.com.br\/v1\/wp-json\/wp\/v2\/tags?post=179341"}],"curies":[{"name":"wp","href":"https:\/\/api.w.org\/{rel}","templated":true}]}}