{"id":179297,"date":"2026-03-18T21:43:27","date_gmt":"2026-03-19T00:43:27","guid":{"rendered":"https:\/\/www.cronicasdeitarantim.com.br\/v1\/?p=179297"},"modified":"2026-03-18T21:43:27","modified_gmt":"2026-03-19T00:43:27","slug":"governo-federal-endurece-fiscalizacao-e-aciona-policia-federal-contra-reajustes-nos-combustiveis","status":"publish","type":"post","link":"https:\/\/www.cronicasdeitarantim.com.br\/v1\/2026\/03\/18\/governo-federal-endurece-fiscalizacao-e-aciona-policia-federal-contra-reajustes-nos-combustiveis\/","title":{"rendered":"Governo Federal endurece fiscaliza\u00e7\u00e3o e aciona Pol\u00edcia Federal contra reajustes nos combust\u00edveis"},"content":{"rendered":"<div class=\"conteudo_post\">\n<h4>O ministro de Minas e Energia, Alexandre Silveira, subiu o tom contra o aumento dos pre\u00e7os dos combust\u00edveis em pronunciamento realizado nesta quarta-feira, 18 de mar\u00e7o, durante o Leil\u00e3o de Reserva de Capacidade de Energia, em S\u00e3o Paulo.<\/h4>\n<h4>O ministro afirmou categoricamente que o governo federal \u201cn\u00e3o dar\u00e1 tr\u00e9gua\u201d para estabelecimentos que elevem os pre\u00e7os de forma indevida ou que pratiquem o que classificou como \u201ccrime contra a economia popular\u201d.<\/h4>\n<h4>A ofensiva ocorre em resposta \u00e0 press\u00e3o inflacion\u00e1ria causada pela valoriza\u00e7\u00e3o do petr\u00f3leo no mercado internacional, impulsionada pelos conflitos no Oriente M\u00e9dio.<\/h4>\n<h4>Para operacionalizar esse combate, o Minist\u00e9rio articulou uma for\u00e7a-tarefa multissetorial que envolve intelig\u00eancia e repress\u00e3o.<\/h4>\n<h4>\u201cN\u00f3s estamos agindo com a Pol\u00edcia Federal, ANP [Ag\u00eancia Nacional do Petr\u00f3leo, G\u00e1s Natural e Biocombust\u00edveis], Receita Federal, Senacon [Secretaria Nacional do Consumidor] e sinergizando com os Procons dos estados para que a gente possa fiscalizar\u201d, detalhou Silveira.<\/h4>\n<h4>O objetivo da integra\u00e7\u00e3o \u00e9 cruzar dados de notas fiscais e estoques para identificar se o aumento nas bombas reflete o custo real de aquisi\u00e7\u00e3o ou se h\u00e1 margem para especula\u00e7\u00e3o oportunista.<\/h4>\n<h4>O ministro reiterou o compromisso da gest\u00e3o em proteger o poder de compra dos brasileiros, destacando que medidas de desonera\u00e7\u00e3o tamb\u00e9m est\u00e3o sendo aplicadas para mitigar os impactos externos.<\/h4>\n<h4>\u201cE n\u00f3s n\u00e3o teremos um segundo sequer de tr\u00e9gua \u00e0queles que querem delinquir contra o povo brasileiro, contra a economia popular ou contra os pre\u00e7os reais, pre\u00e7os que efetivamente deveriam estar na bomba de combust\u00edveis no Brasil\u201d, concluiu. (Com informa\u00e7\u00f5es do Bahia.ba).<\/h4>\n<\/div>\n<div id=\"div-share\"><\/div>\n","protected":false},"excerpt":{"rendered":"<p>O ministro de Minas e Energia, Alexandre Silveira, subiu o tom contra o aumento dos pre\u00e7os dos combust\u00edveis em pronunciamento realizado nesta quarta-feira, 18 de mar\u00e7o, durante o Leil\u00e3o de Reserva de Capacidade de Energia, em S\u00e3o Paulo. O ministro afirmou categoricamente que o governo federal \u201cn\u00e3o dar\u00e1 tr\u00e9gua\u201d para estabelecimentos que elevem os pre\u00e7os de forma indevida ou que pratiquem o que classificou como \u201ccrime contra a economia popular\u201d. A ofensiva ocorre em resposta \u00e0 press\u00e3o inflacion\u00e1ria causada pela valoriza\u00e7\u00e3o do petr\u00f3leo no mercado internacional, impulsionada pelos conflitos no Oriente M\u00e9dio. Para operacionalizar esse combate, o Minist\u00e9rio articulou uma [&hellip;]<\/p>\n","protected":false},"author":4,"featured_media":179298,"comment_status":"open","ping_status":"open","sticky":false,"template":"","format":"standard","meta":[],"categories":[296],"tags":[],"_links":{"self":[{"href":"https:\/\/www.cronicasdeitarantim.com.br\/v1\/wp-json\/wp\/v2\/posts\/179297"}],"collection":[{"href":"https:\/\/www.cronicasdeitarantim.com.br\/v1\/wp-json\/wp\/v2\/posts"}],"about":[{"href":"https:\/\/www.cronicasdeitarantim.com.br\/v1\/wp-json\/wp\/v2\/types\/post"}],"author":[{"embeddable":true,"href":"https:\/\/www.cronicasdeitarantim.com.br\/v1\/wp-json\/wp\/v2\/users\/4"}],"replies":[{"embeddable":true,"href":"https:\/\/www.cronicasdeitarantim.com.br\/v1\/wp-json\/wp\/v2\/comments?post=179297"}],"version-history":[{"count":1,"href":"https:\/\/www.cronicasdeitarantim.com.br\/v1\/wp-json\/wp\/v2\/posts\/179297\/revisions"}],"predecessor-version":[{"id":179299,"href":"https:\/\/www.cronicasdeitarantim.com.br\/v1\/wp-json\/wp\/v2\/posts\/179297\/revisions\/179299"}],"wp:featuredmedia":[{"embeddable":true,"href":"https:\/\/www.cronicasdeitarantim.com.br\/v1\/wp-json\/wp\/v2\/media\/179298"}],"wp:attachment":[{"href":"https:\/\/www.cronicasdeitarantim.com.br\/v1\/wp-json\/wp\/v2\/media?parent=179297"}],"wp:term":[{"taxonomy":"category","embeddable":true,"href":"https:\/\/www.cronicasdeitarantim.com.br\/v1\/wp-json\/wp\/v2\/categories?post=179297"},{"taxonomy":"post_tag","embeddable":true,"href":"https:\/\/www.cronicasdeitarantim.com.br\/v1\/wp-json\/wp\/v2\/tags?post=179297"}],"curies":[{"name":"wp","href":"https:\/\/api.w.org\/{rel}","templated":true}]}}