{"id":179229,"date":"2026-03-16T11:21:17","date_gmt":"2026-03-16T14:21:17","guid":{"rendered":"https:\/\/www.cronicasdeitarantim.com.br\/v1\/?p=179229"},"modified":"2026-03-16T11:21:17","modified_gmt":"2026-03-16T14:21:17","slug":"advogados-de-bolsonaro-prepara-novo-pedido-de-prisao-domiciliar-apos-internacao","status":"publish","type":"post","link":"https:\/\/www.cronicasdeitarantim.com.br\/v1\/2026\/03\/16\/advogados-de-bolsonaro-prepara-novo-pedido-de-prisao-domiciliar-apos-internacao\/","title":{"rendered":"Advogados de Bolsonaro prepara novo pedido de pris\u00e3o domiciliar ap\u00f3s interna\u00e7\u00e3o"},"content":{"rendered":"<div class=\"styles__Body-sc-1ffquwr-7 ePhtZb\">\n<h4>A defesa do ex-presidente Jair Bolsonaro prepara um novo pedido de pris\u00e3o domiciliar ap\u00f3s a condena\u00e7\u00e3o a mais de 27 anos por tentativa de golpe de Estado. Segundo a CNN, os advogados aguardam um laudo m\u00e9dico atualizado para apresentar o requerimento ao Supremo Tribunal Federal (STF).<\/h4>\n<h4>Bolsonaro est\u00e1 internado desde sexta-feira, 13 de mar\u00e7o, na Unidade de Terapia Intensiva (UTI) do hospital DFStar, em Bras\u00edlia, ap\u00f3s ser diagnosticado com pneumonia. De acordo com boletim m\u00e9dico divulgado no domingo, 15, o quadro de pneumonia apresenta melhora, mas ainda h\u00e1 sinais de inflama\u00e7\u00e3o e n\u00e3o existe previs\u00e3o de alta.<\/h4>\n<h4>Desde a pris\u00e3o preventiva, determinada no ano passado, os advogados j\u00e1 apresentaram pelo menos quatro pedidos semelhantes. Todos foram negados pelo ministro Alexandre de Moraes, que afirma que o ex-presidente n\u00e3o tem direito jur\u00eddico \u00e0 domiciliar e que o sistema prisional oferece atendimento m\u00e9dico adequado.<\/h4>\n<\/div>\n","protected":false},"excerpt":{"rendered":"<p>A defesa do ex-presidente Jair Bolsonaro prepara um novo pedido de pris\u00e3o domiciliar ap\u00f3s a condena\u00e7\u00e3o a mais de 27 anos por tentativa de golpe de Estado. Segundo a CNN, os advogados aguardam um laudo m\u00e9dico atualizado para apresentar o requerimento ao Supremo Tribunal Federal (STF). Bolsonaro est\u00e1 internado desde sexta-feira, 13 de mar\u00e7o, na Unidade de Terapia Intensiva (UTI) do hospital DFStar, em Bras\u00edlia, ap\u00f3s ser diagnosticado com pneumonia. De acordo com boletim m\u00e9dico divulgado no domingo, 15, o quadro de pneumonia apresenta melhora, mas ainda h\u00e1 sinais de inflama\u00e7\u00e3o e n\u00e3o existe previs\u00e3o de alta. Desde a pris\u00e3o [&hellip;]<\/p>\n","protected":false},"author":4,"featured_media":179230,"comment_status":"open","ping_status":"open","sticky":false,"template":"","format":"standard","meta":[],"categories":[296],"tags":[],"_links":{"self":[{"href":"https:\/\/www.cronicasdeitarantim.com.br\/v1\/wp-json\/wp\/v2\/posts\/179229"}],"collection":[{"href":"https:\/\/www.cronicasdeitarantim.com.br\/v1\/wp-json\/wp\/v2\/posts"}],"about":[{"href":"https:\/\/www.cronicasdeitarantim.com.br\/v1\/wp-json\/wp\/v2\/types\/post"}],"author":[{"embeddable":true,"href":"https:\/\/www.cronicasdeitarantim.com.br\/v1\/wp-json\/wp\/v2\/users\/4"}],"replies":[{"embeddable":true,"href":"https:\/\/www.cronicasdeitarantim.com.br\/v1\/wp-json\/wp\/v2\/comments?post=179229"}],"version-history":[{"count":1,"href":"https:\/\/www.cronicasdeitarantim.com.br\/v1\/wp-json\/wp\/v2\/posts\/179229\/revisions"}],"predecessor-version":[{"id":179231,"href":"https:\/\/www.cronicasdeitarantim.com.br\/v1\/wp-json\/wp\/v2\/posts\/179229\/revisions\/179231"}],"wp:featuredmedia":[{"embeddable":true,"href":"https:\/\/www.cronicasdeitarantim.com.br\/v1\/wp-json\/wp\/v2\/media\/179230"}],"wp:attachment":[{"href":"https:\/\/www.cronicasdeitarantim.com.br\/v1\/wp-json\/wp\/v2\/media?parent=179229"}],"wp:term":[{"taxonomy":"category","embeddable":true,"href":"https:\/\/www.cronicasdeitarantim.com.br\/v1\/wp-json\/wp\/v2\/categories?post=179229"},{"taxonomy":"post_tag","embeddable":true,"href":"https:\/\/www.cronicasdeitarantim.com.br\/v1\/wp-json\/wp\/v2\/tags?post=179229"}],"curies":[{"name":"wp","href":"https:\/\/api.w.org\/{rel}","templated":true}]}}