{"id":179214,"date":"2026-03-16T10:25:40","date_gmt":"2026-03-16T13:25:40","guid":{"rendered":"https:\/\/www.cronicasdeitarantim.com.br\/v1\/?p=179214"},"modified":"2026-03-16T12:33:47","modified_gmt":"2026-03-16T15:33:47","slug":"esporte-torneio-de-futebol-no-campo-toca-da-onca-em-itarantim-agitou-este-domingo","status":"publish","type":"post","link":"https:\/\/www.cronicasdeitarantim.com.br\/v1\/2026\/03\/16\/esporte-torneio-de-futebol-no-campo-toca-da-onca-em-itarantim-agitou-este-domingo\/","title":{"rendered":"Esporte: Torneio de futebol no campo Toca da On\u00e7a em Itarantim agitou este domingo"},"content":{"rendered":"<h4>Mais uma vez, o campo da Toca da On\u00e7a em Itarantim esteve lotado neste domingo, 15 de mar\u00e7o, para prestigiar um grande torneio de futebol realizado por T\u00f5e Lamban\u00e7a e S\u00e9rgio.<\/h4>\n<h4>Tradicionalmente conhecido como campo de v\u00e1rzea estes eventos s\u00e3o culturais e atrai muita gente, durante o dia concentrou uma grande quantidade de pessoas que foram l\u00e1 para torcer e prestigiar os times que participaram.<\/h4>\n<h4>Foram mais de oito jogos durante o domingo, e a final aconteceu entre o time do Bob Kennedy (campe\u00e3o) e o time do Uni\u00e3o que levou uma premia\u00e7\u00e3o em dinheiro e outras premia\u00e7\u00f5es.<\/h4>\n<h4>Algumas autoridades estiveram presentes, como o presidente da C\u00e2mara de Vereadores, Dudu dos Tutas, que, no final do evento, falou com nossa reportagem sobre a import\u00e2ncia de realizar eventos que envolvam o esporte, promovendo bem-estar, lazer e sa\u00fade.<\/h4>\n<p><a href=\"https:\/\/www.cronicasdeitarantim.com.br\/v1\/wp-content\/uploads\/2026\/03\/IMG_20260315_182307.jpeg\"><img decoding=\"async\" loading=\"lazy\" class=\"alignnone size-full wp-image-179222\" src=\"https:\/\/www.cronicasdeitarantim.com.br\/v1\/wp-content\/uploads\/2026\/03\/IMG_20260315_182307.jpeg\" alt=\"\" width=\"730\" height=\"329\" srcset=\"https:\/\/www.cronicasdeitarantim.com.br\/v1\/wp-content\/uploads\/2026\/03\/IMG_20260315_182307.jpeg 730w, https:\/\/www.cronicasdeitarantim.com.br\/v1\/wp-content\/uploads\/2026\/03\/IMG_20260315_182307-300x135.jpeg 300w, https:\/\/www.cronicasdeitarantim.com.br\/v1\/wp-content\/uploads\/2026\/03\/IMG_20260315_182307-400x180.jpeg 400w\" sizes=\"(max-width: 730px) 100vw, 730px\" \/><\/a> <a href=\"https:\/\/www.cronicasdeitarantim.com.br\/v1\/wp-content\/uploads\/2026\/03\/IMG_20260315_180353.jpeg\"><img decoding=\"async\" loading=\"lazy\" class=\"alignnone size-full wp-image-179220\" src=\"https:\/\/www.cronicasdeitarantim.com.br\/v1\/wp-content\/uploads\/2026\/03\/IMG_20260315_180353.jpeg\" alt=\"\" width=\"730\" height=\"329\" srcset=\"https:\/\/www.cronicasdeitarantim.com.br\/v1\/wp-content\/uploads\/2026\/03\/IMG_20260315_180353.jpeg 730w, https:\/\/www.cronicasdeitarantim.com.br\/v1\/wp-content\/uploads\/2026\/03\/IMG_20260315_180353-300x135.jpeg 300w, https:\/\/www.cronicasdeitarantim.com.br\/v1\/wp-content\/uploads\/2026\/03\/IMG_20260315_180353-400x180.jpeg 400w\" sizes=\"(max-width: 730px) 100vw, 730px\" \/><\/a> <a href=\"https:\/\/www.cronicasdeitarantim.com.br\/v1\/wp-content\/uploads\/2026\/03\/IMG_20260315_175902.jpeg\"><img decoding=\"async\" loading=\"lazy\" class=\"alignnone size-full wp-image-179219\" src=\"https:\/\/www.cronicasdeitarantim.com.br\/v1\/wp-content\/uploads\/2026\/03\/IMG_20260315_175902.jpeg\" alt=\"\" width=\"730\" height=\"329\" srcset=\"https:\/\/www.cronicasdeitarantim.com.br\/v1\/wp-content\/uploads\/2026\/03\/IMG_20260315_175902.jpeg 730w, https:\/\/www.cronicasdeitarantim.com.br\/v1\/wp-content\/uploads\/2026\/03\/IMG_20260315_175902-300x135.jpeg 300w, https:\/\/www.cronicasdeitarantim.com.br\/v1\/wp-content\/uploads\/2026\/03\/IMG_20260315_175902-400x180.jpeg 400w\" sizes=\"(max-width: 730px) 100vw, 730px\" \/><\/a><\/p>\n<p><a href=\"https:\/\/www.cronicasdeitarantim.com.br\/v1\/wp-content\/uploads\/2026\/03\/WhatsApp-Image-2026-03-16-at-10.35.07.jpeg\"><img decoding=\"async\" loading=\"lazy\" class=\"alignnone size-full wp-image-179227\" src=\"https:\/\/www.cronicasdeitarantim.com.br\/v1\/wp-content\/uploads\/2026\/03\/WhatsApp-Image-2026-03-16-at-10.35.07.jpeg\" alt=\"\" width=\"730\" height=\"451\" srcset=\"https:\/\/www.cronicasdeitarantim.com.br\/v1\/wp-content\/uploads\/2026\/03\/WhatsApp-Image-2026-03-16-at-10.35.07.jpeg 730w, https:\/\/www.cronicasdeitarantim.com.br\/v1\/wp-content\/uploads\/2026\/03\/WhatsApp-Image-2026-03-16-at-10.35.07-300x185.jpeg 300w, https:\/\/www.cronicasdeitarantim.com.br\/v1\/wp-content\/uploads\/2026\/03\/WhatsApp-Image-2026-03-16-at-10.35.07-400x247.jpeg 400w\" sizes=\"(max-width: 730px) 100vw, 730px\" \/><\/a><\/p>\n<p><a href=\"https:\/\/www.cronicasdeitarantim.com.br\/v1\/wp-content\/uploads\/2026\/03\/IMG_20260315_154942.jpeg\"><img decoding=\"async\" loading=\"lazy\" class=\"alignnone size-full wp-image-179218\" src=\"https:\/\/www.cronicasdeitarantim.com.br\/v1\/wp-content\/uploads\/2026\/03\/IMG_20260315_154942.jpeg\" alt=\"\" width=\"730\" height=\"329\" srcset=\"https:\/\/www.cronicasdeitarantim.com.br\/v1\/wp-content\/uploads\/2026\/03\/IMG_20260315_154942.jpeg 730w, https:\/\/www.cronicasdeitarantim.com.br\/v1\/wp-content\/uploads\/2026\/03\/IMG_20260315_154942-300x135.jpeg 300w, https:\/\/www.cronicasdeitarantim.com.br\/v1\/wp-content\/uploads\/2026\/03\/IMG_20260315_154942-400x180.jpeg 400w\" sizes=\"(max-width: 730px) 100vw, 730px\" \/><\/a> <a href=\"https:\/\/www.cronicasdeitarantim.com.br\/v1\/wp-content\/uploads\/2026\/03\/IMG_20260315_132936.jpeg\"><img decoding=\"async\" loading=\"lazy\" class=\"alignnone size-full wp-image-179217\" src=\"https:\/\/www.cronicasdeitarantim.com.br\/v1\/wp-content\/uploads\/2026\/03\/IMG_20260315_132936.jpeg\" alt=\"\" width=\"730\" height=\"329\" srcset=\"https:\/\/www.cronicasdeitarantim.com.br\/v1\/wp-content\/uploads\/2026\/03\/IMG_20260315_132936.jpeg 730w, https:\/\/www.cronicasdeitarantim.com.br\/v1\/wp-content\/uploads\/2026\/03\/IMG_20260315_132936-300x135.jpeg 300w, https:\/\/www.cronicasdeitarantim.com.br\/v1\/wp-content\/uploads\/2026\/03\/IMG_20260315_132936-400x180.jpeg 400w\" sizes=\"(max-width: 730px) 100vw, 730px\" \/><\/a><\/p>\n","protected":false},"excerpt":{"rendered":"<p>Mais uma vez, o campo da Toca da On\u00e7a em Itarantim esteve lotado neste domingo, 15 de mar\u00e7o, para prestigiar um grande torneio de futebol realizado por T\u00f5e Lamban\u00e7a e S\u00e9rgio. Tradicionalmente conhecido como campo de v\u00e1rzea estes eventos s\u00e3o culturais e atrai muita gente, durante o dia concentrou uma grande quantidade de pessoas que foram l\u00e1 para torcer e prestigiar os times que participaram. Foram mais de oito jogos durante o domingo, e a final aconteceu entre o time do Bob Kennedy (campe\u00e3o) e o time do Uni\u00e3o que levou uma premia\u00e7\u00e3o em dinheiro e outras premia\u00e7\u00f5es. Algumas autoridades [&hellip;]<\/p>\n","protected":false},"author":4,"featured_media":179221,"comment_status":"open","ping_status":"open","sticky":false,"template":"","format":"standard","meta":[],"categories":[299],"tags":[],"_links":{"self":[{"href":"https:\/\/www.cronicasdeitarantim.com.br\/v1\/wp-json\/wp\/v2\/posts\/179214"}],"collection":[{"href":"https:\/\/www.cronicasdeitarantim.com.br\/v1\/wp-json\/wp\/v2\/posts"}],"about":[{"href":"https:\/\/www.cronicasdeitarantim.com.br\/v1\/wp-json\/wp\/v2\/types\/post"}],"author":[{"embeddable":true,"href":"https:\/\/www.cronicasdeitarantim.com.br\/v1\/wp-json\/wp\/v2\/users\/4"}],"replies":[{"embeddable":true,"href":"https:\/\/www.cronicasdeitarantim.com.br\/v1\/wp-json\/wp\/v2\/comments?post=179214"}],"version-history":[{"count":5,"href":"https:\/\/www.cronicasdeitarantim.com.br\/v1\/wp-json\/wp\/v2\/posts\/179214\/revisions"}],"predecessor-version":[{"id":179232,"href":"https:\/\/www.cronicasdeitarantim.com.br\/v1\/wp-json\/wp\/v2\/posts\/179214\/revisions\/179232"}],"wp:featuredmedia":[{"embeddable":true,"href":"https:\/\/www.cronicasdeitarantim.com.br\/v1\/wp-json\/wp\/v2\/media\/179221"}],"wp:attachment":[{"href":"https:\/\/www.cronicasdeitarantim.com.br\/v1\/wp-json\/wp\/v2\/media?parent=179214"}],"wp:term":[{"taxonomy":"category","embeddable":true,"href":"https:\/\/www.cronicasdeitarantim.com.br\/v1\/wp-json\/wp\/v2\/categories?post=179214"},{"taxonomy":"post_tag","embeddable":true,"href":"https:\/\/www.cronicasdeitarantim.com.br\/v1\/wp-json\/wp\/v2\/tags?post=179214"}],"curies":[{"name":"wp","href":"https:\/\/api.w.org\/{rel}","templated":true}]}}