{"id":179129,"date":"2026-03-10T21:35:55","date_gmt":"2026-03-11T00:35:55","guid":{"rendered":"https:\/\/www.cronicasdeitarantim.com.br\/v1\/?p=179129"},"modified":"2026-03-10T21:40:51","modified_gmt":"2026-03-11T00:40:51","slug":"urgente-em-itarantim-homem-foi-encontrado-morto-dentro-de-residencia-no-bob-kennedy","status":"publish","type":"post","link":"https:\/\/www.cronicasdeitarantim.com.br\/v1\/2026\/03\/10\/urgente-em-itarantim-homem-foi-encontrado-morto-dentro-de-residencia-no-bob-kennedy\/","title":{"rendered":"Urgente em Itarantim! Homem foi encontrado morto dentro de resid\u00eancia no Bob Kennedy"},"content":{"rendered":"<h4>Um homem, cuja identidade ainda n\u00e3o foi divulgada, foi encontrado morto em sua resid\u00eancia, localizada pr\u00f3ximo \u00e0 Igreja Cat\u00f3lica no bairro Bob Kennedy na noite desta ter\u00e7a-feira, 10 de mar\u00e7o.<\/h4>\n<h4>De acordo com informa\u00e7\u00f5es obtidas pela reda\u00e7\u00e3o do portal Cr\u00f4nicas de Itarantim, o corpo apresentava sinais de decomposi\u00e7\u00e3o, indicando que a morte pode ter ocorrido h\u00e1 alguns dias.<\/h4>\n<h4>A Pol\u00edcia Militar e a Guarda Municipal foram acionadas e j\u00e1 est\u00e3o no local para tomar as medidas cab\u00edveis.<\/h4>\n<h4>Nossa reda\u00e7\u00e3o continuar\u00e1 apurando os fatos e j\u00e1 j\u00e1 traremos mais informa\u00e7\u00f5es.<\/h4>\n","protected":false},"excerpt":{"rendered":"<p>Um homem, cuja identidade ainda n\u00e3o foi divulgada, foi encontrado morto em sua resid\u00eancia, localizada pr\u00f3ximo \u00e0 Igreja Cat\u00f3lica no bairro Bob Kennedy na noite desta ter\u00e7a-feira, 10 de mar\u00e7o. De acordo com informa\u00e7\u00f5es obtidas pela reda\u00e7\u00e3o do portal Cr\u00f4nicas de Itarantim, o corpo apresentava sinais de decomposi\u00e7\u00e3o, indicando que a morte pode ter ocorrido h\u00e1 alguns dias. A Pol\u00edcia Militar e a Guarda Municipal foram acionadas e j\u00e1 est\u00e3o no local para tomar as medidas cab\u00edveis. Nossa reda\u00e7\u00e3o continuar\u00e1 apurando os fatos e j\u00e1 j\u00e1 traremos mais informa\u00e7\u00f5es.<\/p>\n","protected":false},"author":4,"featured_media":179130,"comment_status":"open","ping_status":"open","sticky":false,"template":"","format":"standard","meta":[],"categories":[306],"tags":[],"_links":{"self":[{"href":"https:\/\/www.cronicasdeitarantim.com.br\/v1\/wp-json\/wp\/v2\/posts\/179129"}],"collection":[{"href":"https:\/\/www.cronicasdeitarantim.com.br\/v1\/wp-json\/wp\/v2\/posts"}],"about":[{"href":"https:\/\/www.cronicasdeitarantim.com.br\/v1\/wp-json\/wp\/v2\/types\/post"}],"author":[{"embeddable":true,"href":"https:\/\/www.cronicasdeitarantim.com.br\/v1\/wp-json\/wp\/v2\/users\/4"}],"replies":[{"embeddable":true,"href":"https:\/\/www.cronicasdeitarantim.com.br\/v1\/wp-json\/wp\/v2\/comments?post=179129"}],"version-history":[{"count":3,"href":"https:\/\/www.cronicasdeitarantim.com.br\/v1\/wp-json\/wp\/v2\/posts\/179129\/revisions"}],"predecessor-version":[{"id":179133,"href":"https:\/\/www.cronicasdeitarantim.com.br\/v1\/wp-json\/wp\/v2\/posts\/179129\/revisions\/179133"}],"wp:featuredmedia":[{"embeddable":true,"href":"https:\/\/www.cronicasdeitarantim.com.br\/v1\/wp-json\/wp\/v2\/media\/179130"}],"wp:attachment":[{"href":"https:\/\/www.cronicasdeitarantim.com.br\/v1\/wp-json\/wp\/v2\/media?parent=179129"}],"wp:term":[{"taxonomy":"category","embeddable":true,"href":"https:\/\/www.cronicasdeitarantim.com.br\/v1\/wp-json\/wp\/v2\/categories?post=179129"},{"taxonomy":"post_tag","embeddable":true,"href":"https:\/\/www.cronicasdeitarantim.com.br\/v1\/wp-json\/wp\/v2\/tags?post=179129"}],"curies":[{"name":"wp","href":"https:\/\/api.w.org\/{rel}","templated":true}]}}