{"id":179081,"date":"2026-03-09T13:41:39","date_gmt":"2026-03-09T16:41:39","guid":{"rendered":"https:\/\/www.cronicasdeitarantim.com.br\/v1\/?p=179081"},"modified":"2026-03-09T13:45:22","modified_gmt":"2026-03-09T16:45:22","slug":"maiquinique-radialista-jota-neto-conquista-trofeu-premio-destaque-realizado-na-cidade","status":"publish","type":"post","link":"https:\/\/www.cronicasdeitarantim.com.br\/v1\/2026\/03\/09\/maiquinique-radialista-jota-neto-conquista-trofeu-premio-destaque-realizado-na-cidade\/","title":{"rendered":"Maiquinique: radialista Jota Neto conquista trof\u00e9u pr\u00eamio destaque\u00a0realizado na cidade"},"content":{"rendered":"<h4>O radialista Jota Neto, foi o vencedor do trof\u00e9u pr\u00eamio destaque 2025\/2026, na premia\u00e7\u00e3o realizada por \u00c2ngela Pesquisas, Coordenadora de Publicidade e Marketing (Trof\u00e9u empresarial e Profissional), na categoria \u201cLocutor de R\u00e1dio\u201d.<\/h4>\n<h4>A cerim\u00f4nia de premia\u00e7\u00e3o ocorreu na noite do \u00faltimo s\u00e1bado, 07 de mar\u00e7o, no Centro de Conviv\u00eancia, na cidade de Maiquinique Bahia.<\/h4>\n<h4>O radialista concorria com outros profissionais da cidade e dentre eles, foi escolhido pela maioria dos votos para receber o pr\u00eamio.<\/h4>\n<h4>\u00cdcone da comunica\u00e7\u00e3o, Jota n\u00e3o \u00e9 apenas um locutor, mas uma pessoa de luz, que transmite alegria, acolhimento e respeito em cada palavra dita ao microfone.<\/h4>\n<h4>Este reconhecimento \u00e9 mais do que merecido, celebrando a trajet\u00f3ria de um profissional que marcou e continua marcando a hist\u00f3ria da cidade de Maiquinique.<\/h4>\n","protected":false},"excerpt":{"rendered":"<p>O radialista Jota Neto, foi o vencedor do trof\u00e9u pr\u00eamio destaque 2025\/2026, na premia\u00e7\u00e3o realizada por \u00c2ngela Pesquisas, Coordenadora de Publicidade e Marketing (Trof\u00e9u empresarial e Profissional), na categoria \u201cLocutor de R\u00e1dio\u201d. A cerim\u00f4nia de premia\u00e7\u00e3o ocorreu na noite do \u00faltimo s\u00e1bado, 07 de mar\u00e7o, no Centro de Conviv\u00eancia, na cidade de Maiquinique Bahia. O radialista concorria com outros profissionais da cidade e dentre eles, foi escolhido pela maioria dos votos para receber o pr\u00eamio. \u00cdcone da comunica\u00e7\u00e3o, Jota n\u00e3o \u00e9 apenas um locutor, mas uma pessoa de luz, que transmite alegria, acolhimento e respeito em cada palavra dita ao [&hellip;]<\/p>\n","protected":false},"author":4,"featured_media":179082,"comment_status":"open","ping_status":"open","sticky":false,"template":"","format":"standard","meta":[],"categories":[1],"tags":[],"_links":{"self":[{"href":"https:\/\/www.cronicasdeitarantim.com.br\/v1\/wp-json\/wp\/v2\/posts\/179081"}],"collection":[{"href":"https:\/\/www.cronicasdeitarantim.com.br\/v1\/wp-json\/wp\/v2\/posts"}],"about":[{"href":"https:\/\/www.cronicasdeitarantim.com.br\/v1\/wp-json\/wp\/v2\/types\/post"}],"author":[{"embeddable":true,"href":"https:\/\/www.cronicasdeitarantim.com.br\/v1\/wp-json\/wp\/v2\/users\/4"}],"replies":[{"embeddable":true,"href":"https:\/\/www.cronicasdeitarantim.com.br\/v1\/wp-json\/wp\/v2\/comments?post=179081"}],"version-history":[{"count":3,"href":"https:\/\/www.cronicasdeitarantim.com.br\/v1\/wp-json\/wp\/v2\/posts\/179081\/revisions"}],"predecessor-version":[{"id":179085,"href":"https:\/\/www.cronicasdeitarantim.com.br\/v1\/wp-json\/wp\/v2\/posts\/179081\/revisions\/179085"}],"wp:featuredmedia":[{"embeddable":true,"href":"https:\/\/www.cronicasdeitarantim.com.br\/v1\/wp-json\/wp\/v2\/media\/179082"}],"wp:attachment":[{"href":"https:\/\/www.cronicasdeitarantim.com.br\/v1\/wp-json\/wp\/v2\/media?parent=179081"}],"wp:term":[{"taxonomy":"category","embeddable":true,"href":"https:\/\/www.cronicasdeitarantim.com.br\/v1\/wp-json\/wp\/v2\/categories?post=179081"},{"taxonomy":"post_tag","embeddable":true,"href":"https:\/\/www.cronicasdeitarantim.com.br\/v1\/wp-json\/wp\/v2\/tags?post=179081"}],"curies":[{"name":"wp","href":"https:\/\/api.w.org\/{rel}","templated":true}]}}