{"id":179058,"date":"2026-03-07T14:01:52","date_gmt":"2026-03-07T17:01:52","guid":{"rendered":"https:\/\/www.cronicasdeitarantim.com.br\/v1\/?p=179058"},"modified":"2026-03-07T14:01:52","modified_gmt":"2026-03-07T17:01:52","slug":"eleicao-2026-grupo-em-itarantim-recebe-visita-da-deputada-claudia-oliveira","status":"publish","type":"post","link":"https:\/\/www.cronicasdeitarantim.com.br\/v1\/2026\/03\/07\/eleicao-2026-grupo-em-itarantim-recebe-visita-da-deputada-claudia-oliveira\/","title":{"rendered":"Elei\u00e7\u00e3o 2026: Grupo em Itarantim recebe visita da deputada Cl\u00e1udia Oliveira"},"content":{"rendered":"<h4>Come\u00e7am as movimenta\u00e7\u00f5es pol\u00edticas de visitas de deputados em Itarantim para a elei\u00e7\u00e3o de 2026.<\/h4>\n<h4>Segundo informa\u00e7\u00f5es colhidas pelo Portal Cr\u00f4nicas de Itarantim, a deputada estadual Cl\u00e1udia Oliveira est\u00e1 em Itarantim reunida com um grupo que pretende apoi\u00e1-la no munic\u00edpio.<\/h4>\n<h4>A deputada do extremo sul da Bahia \u00e9 esposa do prefeito de Eun\u00e1polis, Rob\u00e9rio Oliveira.<\/h4>\n<h4>A deputada, segundo o que consta, n\u00e3o tem v\u00ednculo no munic\u00edpio e, at\u00e9 o momento, n\u00e3o h\u00e1 informa\u00e7\u00f5es de que tenha destinado algo para Itarantim.<\/h4>\n<h4>Ainda de acordo com informa\u00e7\u00f5es, Cl\u00e1udia est\u00e1 reunida com um grupo em uma resid\u00eancia no munic\u00edpio.<\/h4>\n","protected":false},"excerpt":{"rendered":"<p>Come\u00e7am as movimenta\u00e7\u00f5es pol\u00edticas de visitas de deputados em Itarantim para a elei\u00e7\u00e3o de 2026. Segundo informa\u00e7\u00f5es colhidas pelo Portal Cr\u00f4nicas de Itarantim, a deputada estadual Cl\u00e1udia Oliveira est\u00e1 em Itarantim reunida com um grupo que pretende apoi\u00e1-la no munic\u00edpio. A deputada do extremo sul da Bahia \u00e9 esposa do prefeito de Eun\u00e1polis, Rob\u00e9rio Oliveira. A deputada, segundo o que consta, n\u00e3o tem v\u00ednculo no munic\u00edpio e, at\u00e9 o momento, n\u00e3o h\u00e1 informa\u00e7\u00f5es de que tenha destinado algo para Itarantim. Ainda de acordo com informa\u00e7\u00f5es, Cl\u00e1udia est\u00e1 reunida com um grupo em uma resid\u00eancia no munic\u00edpio.<\/p>\n","protected":false},"author":4,"featured_media":179059,"comment_status":"open","ping_status":"open","sticky":false,"template":"","format":"standard","meta":[],"categories":[304],"tags":[],"_links":{"self":[{"href":"https:\/\/www.cronicasdeitarantim.com.br\/v1\/wp-json\/wp\/v2\/posts\/179058"}],"collection":[{"href":"https:\/\/www.cronicasdeitarantim.com.br\/v1\/wp-json\/wp\/v2\/posts"}],"about":[{"href":"https:\/\/www.cronicasdeitarantim.com.br\/v1\/wp-json\/wp\/v2\/types\/post"}],"author":[{"embeddable":true,"href":"https:\/\/www.cronicasdeitarantim.com.br\/v1\/wp-json\/wp\/v2\/users\/4"}],"replies":[{"embeddable":true,"href":"https:\/\/www.cronicasdeitarantim.com.br\/v1\/wp-json\/wp\/v2\/comments?post=179058"}],"version-history":[{"count":1,"href":"https:\/\/www.cronicasdeitarantim.com.br\/v1\/wp-json\/wp\/v2\/posts\/179058\/revisions"}],"predecessor-version":[{"id":179060,"href":"https:\/\/www.cronicasdeitarantim.com.br\/v1\/wp-json\/wp\/v2\/posts\/179058\/revisions\/179060"}],"wp:featuredmedia":[{"embeddable":true,"href":"https:\/\/www.cronicasdeitarantim.com.br\/v1\/wp-json\/wp\/v2\/media\/179059"}],"wp:attachment":[{"href":"https:\/\/www.cronicasdeitarantim.com.br\/v1\/wp-json\/wp\/v2\/media?parent=179058"}],"wp:term":[{"taxonomy":"category","embeddable":true,"href":"https:\/\/www.cronicasdeitarantim.com.br\/v1\/wp-json\/wp\/v2\/categories?post=179058"},{"taxonomy":"post_tag","embeddable":true,"href":"https:\/\/www.cronicasdeitarantim.com.br\/v1\/wp-json\/wp\/v2\/tags?post=179058"}],"curies":[{"name":"wp","href":"https:\/\/api.w.org\/{rel}","templated":true}]}}