{"id":179054,"date":"2026-03-07T12:32:23","date_gmt":"2026-03-07T15:32:23","guid":{"rendered":"https:\/\/www.cronicasdeitarantim.com.br\/v1\/?p=179054"},"modified":"2026-03-07T12:32:23","modified_gmt":"2026-03-07T15:32:23","slug":"violencia-vitoria-da-conquista-registra-dois-homicidios-praticamente-ao-mesmo-tempo","status":"publish","type":"post","link":"https:\/\/www.cronicasdeitarantim.com.br\/v1\/2026\/03\/07\/violencia-vitoria-da-conquista-registra-dois-homicidios-praticamente-ao-mesmo-tempo\/","title":{"rendered":"Viol\u00eancia: Vit\u00f3ria da Conquista registra dois homic\u00eddios praticamente ao mesmo tempo"},"content":{"rendered":"<h4>A cidade de Vit\u00f3ria da Conquista, no sudoeste da Bahia, considerada uma das mais seguras do estado, registrou na noite dessa sexta-feira, 06 de mar\u00e7o, dois homic\u00eddios praticamente ao mesmo tempo.<\/h4>\n<h4>O primeiro ocorreu no bairro Patag\u00f4nia, onde um jovem foi alvejado com v\u00e1rios tiros em frente a um bar. O segundo homic\u00eddio aconteceu pouco tempo depois na zona rural, no distrito de S\u00e3o Sebasti\u00e3o. Ambos os corpos foram encaminhados para o Instituto M\u00e9dico Legal (IML) do munic\u00edpio.<\/h4>\n<h4>A cidade vivia um momento de calmaria nos \u00faltimos meses, mas assustou a popula\u00e7\u00e3o com o registro deste dois homic\u00eddios em que a pol\u00edcia investiga a motiva\u00e7\u00e3o.<\/h4>\n","protected":false},"excerpt":{"rendered":"<p>A cidade de Vit\u00f3ria da Conquista, no sudoeste da Bahia, considerada uma das mais seguras do estado, registrou na noite dessa sexta-feira, 06 de mar\u00e7o, dois homic\u00eddios praticamente ao mesmo tempo. O primeiro ocorreu no bairro Patag\u00f4nia, onde um jovem foi alvejado com v\u00e1rios tiros em frente a um bar. O segundo homic\u00eddio aconteceu pouco tempo depois na zona rural, no distrito de S\u00e3o Sebasti\u00e3o. Ambos os corpos foram encaminhados para o Instituto M\u00e9dico Legal (IML) do munic\u00edpio. A cidade vivia um momento de calmaria nos \u00faltimos meses, mas assustou a popula\u00e7\u00e3o com o registro deste dois homic\u00eddios em que [&hellip;]<\/p>\n","protected":false},"author":4,"featured_media":179055,"comment_status":"open","ping_status":"open","sticky":false,"template":"","format":"standard","meta":[],"categories":[306],"tags":[],"_links":{"self":[{"href":"https:\/\/www.cronicasdeitarantim.com.br\/v1\/wp-json\/wp\/v2\/posts\/179054"}],"collection":[{"href":"https:\/\/www.cronicasdeitarantim.com.br\/v1\/wp-json\/wp\/v2\/posts"}],"about":[{"href":"https:\/\/www.cronicasdeitarantim.com.br\/v1\/wp-json\/wp\/v2\/types\/post"}],"author":[{"embeddable":true,"href":"https:\/\/www.cronicasdeitarantim.com.br\/v1\/wp-json\/wp\/v2\/users\/4"}],"replies":[{"embeddable":true,"href":"https:\/\/www.cronicasdeitarantim.com.br\/v1\/wp-json\/wp\/v2\/comments?post=179054"}],"version-history":[{"count":1,"href":"https:\/\/www.cronicasdeitarantim.com.br\/v1\/wp-json\/wp\/v2\/posts\/179054\/revisions"}],"predecessor-version":[{"id":179056,"href":"https:\/\/www.cronicasdeitarantim.com.br\/v1\/wp-json\/wp\/v2\/posts\/179054\/revisions\/179056"}],"wp:featuredmedia":[{"embeddable":true,"href":"https:\/\/www.cronicasdeitarantim.com.br\/v1\/wp-json\/wp\/v2\/media\/179055"}],"wp:attachment":[{"href":"https:\/\/www.cronicasdeitarantim.com.br\/v1\/wp-json\/wp\/v2\/media?parent=179054"}],"wp:term":[{"taxonomy":"category","embeddable":true,"href":"https:\/\/www.cronicasdeitarantim.com.br\/v1\/wp-json\/wp\/v2\/categories?post=179054"},{"taxonomy":"post_tag","embeddable":true,"href":"https:\/\/www.cronicasdeitarantim.com.br\/v1\/wp-json\/wp\/v2\/tags?post=179054"}],"curies":[{"name":"wp","href":"https:\/\/api.w.org\/{rel}","templated":true}]}}