{"id":179051,"date":"2026-03-07T11:43:17","date_gmt":"2026-03-07T14:43:17","guid":{"rendered":"https:\/\/www.cronicasdeitarantim.com.br\/v1\/?p=179051"},"modified":"2026-03-07T11:43:17","modified_gmt":"2026-03-07T14:43:17","slug":"homem-morre-baleado-por-tiro-apos-invadir-residencia-em-cidade-do-interior-da-bahia","status":"publish","type":"post","link":"https:\/\/www.cronicasdeitarantim.com.br\/v1\/2026\/03\/07\/homem-morre-baleado-por-tiro-apos-invadir-residencia-em-cidade-do-interior-da-bahia\/","title":{"rendered":"Homem morre baleado por tiro ap\u00f3s invadir resid\u00eancia em cidade do interior da Bahia"},"content":{"rendered":"<h4 data-start=\"128\" data-end=\"368\">Um homem identificado como Francisco Rodrigues da Silva, de 55 anos, morreu ap\u00f3s ser baleado durante uma invas\u00e3o a uma resid\u00eancia em Feira de Santana, segunda maior cidade da Bahia. O caso ocorreu na noite de sexta-feira, 06 de mar\u00e7o, no bairro SIM.<\/h4>\n<h4 data-start=\"370\" data-end=\"570\">Segundo informa\u00e7\u00f5es da Pol\u00edcia Militar e divulgada pela local, ao chegarem ao endere\u00e7o, as autoridades encontraram um homem ca\u00eddo no ch\u00e3o, j\u00e1 sem sinais de vida. No local havia um rastro de sangue que come\u00e7ava dentro de uma casa e seguia pela rua.<\/h4>\n<h4 data-start=\"370\" data-end=\"570\">O propriet\u00e1rio do im\u00f3vel relatou \u00e0 pol\u00edcia que o homem entrou na resid\u00eancia acompanhado de outros dois suspeitos. De acordo com ele, o trio invadiu o local chamando pelo nome de um amigo que, supostamente, estaria ali.<\/h4>\n<h4 data-start=\"976\" data-end=\"1160\">O morador afirmou que se assustou ao perceber a presen\u00e7a dos tr\u00eas homens dentro da casa e entrou em luta corporal com eles. Durante a confus\u00e3o, um dos suspeitos sacou uma arma de fogo e que de forma acidental atingiu uma das pessoas que invadiram a casa que ainda andou pelas ruas sangrando mas caiu e morreu metros depois.<\/h4>\n<h4 data-start=\"1162\" data-end=\"1329\"><\/h4>\n","protected":false},"excerpt":{"rendered":"<p>Um homem identificado como Francisco Rodrigues da Silva, de 55 anos, morreu ap\u00f3s ser baleado durante uma invas\u00e3o a uma resid\u00eancia em Feira de Santana, segunda maior cidade da Bahia. O caso ocorreu na noite de sexta-feira, 06 de mar\u00e7o, no bairro SIM. Segundo informa\u00e7\u00f5es da Pol\u00edcia Militar e divulgada pela local, ao chegarem ao endere\u00e7o, as autoridades encontraram um homem ca\u00eddo no ch\u00e3o, j\u00e1 sem sinais de vida. No local havia um rastro de sangue que come\u00e7ava dentro de uma casa e seguia pela rua. O propriet\u00e1rio do im\u00f3vel relatou \u00e0 pol\u00edcia que o homem entrou na resid\u00eancia acompanhado [&hellip;]<\/p>\n","protected":false},"author":4,"featured_media":179052,"comment_status":"open","ping_status":"open","sticky":false,"template":"","format":"standard","meta":[],"categories":[306],"tags":[],"_links":{"self":[{"href":"https:\/\/www.cronicasdeitarantim.com.br\/v1\/wp-json\/wp\/v2\/posts\/179051"}],"collection":[{"href":"https:\/\/www.cronicasdeitarantim.com.br\/v1\/wp-json\/wp\/v2\/posts"}],"about":[{"href":"https:\/\/www.cronicasdeitarantim.com.br\/v1\/wp-json\/wp\/v2\/types\/post"}],"author":[{"embeddable":true,"href":"https:\/\/www.cronicasdeitarantim.com.br\/v1\/wp-json\/wp\/v2\/users\/4"}],"replies":[{"embeddable":true,"href":"https:\/\/www.cronicasdeitarantim.com.br\/v1\/wp-json\/wp\/v2\/comments?post=179051"}],"version-history":[{"count":1,"href":"https:\/\/www.cronicasdeitarantim.com.br\/v1\/wp-json\/wp\/v2\/posts\/179051\/revisions"}],"predecessor-version":[{"id":179053,"href":"https:\/\/www.cronicasdeitarantim.com.br\/v1\/wp-json\/wp\/v2\/posts\/179051\/revisions\/179053"}],"wp:featuredmedia":[{"embeddable":true,"href":"https:\/\/www.cronicasdeitarantim.com.br\/v1\/wp-json\/wp\/v2\/media\/179052"}],"wp:attachment":[{"href":"https:\/\/www.cronicasdeitarantim.com.br\/v1\/wp-json\/wp\/v2\/media?parent=179051"}],"wp:term":[{"taxonomy":"category","embeddable":true,"href":"https:\/\/www.cronicasdeitarantim.com.br\/v1\/wp-json\/wp\/v2\/categories?post=179051"},{"taxonomy":"post_tag","embeddable":true,"href":"https:\/\/www.cronicasdeitarantim.com.br\/v1\/wp-json\/wp\/v2\/tags?post=179051"}],"curies":[{"name":"wp","href":"https:\/\/api.w.org\/{rel}","templated":true}]}}