{"id":179047,"date":"2026-03-06T22:10:22","date_gmt":"2026-03-07T01:10:22","guid":{"rendered":"https:\/\/www.cronicasdeitarantim.com.br\/v1\/?p=179047"},"modified":"2026-03-06T22:10:22","modified_gmt":"2026-03-07T01:10:22","slug":"prefeito-de-potiragua-reune-secretarios-para-planejar-acoes-de-desenvolvimento-no-municipio","status":"publish","type":"post","link":"https:\/\/www.cronicasdeitarantim.com.br\/v1\/2026\/03\/06\/prefeito-de-potiragua-reune-secretarios-para-planejar-acoes-de-desenvolvimento-no-municipio\/","title":{"rendered":"Prefeito de Potiragu\u00e1 re\u00fane secret\u00e1rios para planejar a\u00e7\u00f5es de desenvolvimento no munic\u00edpio"},"content":{"rendered":"<h3>O prefeito de Potiragu\u00e1, Elias Carvalho, reuniu-se na manh\u00e3 desta sexta-feira, 6 de mar\u00e7o, com sua equipe de governo e secret\u00e1rios. O objetivo foi avaliar o desempenho e tra\u00e7ar planos para 2026 priorizando o desenvolvimento de Potiragu\u00e1.<\/h3>\n<h3>A Prefeitura pretende adotar medidas mais eficazes nas a\u00e7\u00f5es das secretarias, visando melhorar ainda mais os servi\u00e7os prestados.<\/h3>\n<h3>Segundo a administra\u00e7\u00e3o, o primeiro ano do governo teve uma avalia\u00e7\u00e3o positiva, mas h\u00e1 a inten\u00e7\u00e3o de aprimorar a\u00e7\u00f5es diretas. A reuni\u00e3o tamb\u00e9m contou com a presen\u00e7a da primeira-dama, Gilvana Carvalho.<\/h3>\n","protected":false},"excerpt":{"rendered":"<p>O prefeito de Potiragu\u00e1, Elias Carvalho, reuniu-se na manh\u00e3 desta sexta-feira, 6 de mar\u00e7o, com sua equipe de governo e secret\u00e1rios. O objetivo foi avaliar o desempenho e tra\u00e7ar planos para 2026 priorizando o desenvolvimento de Potiragu\u00e1. A Prefeitura pretende adotar medidas mais eficazes nas a\u00e7\u00f5es das secretarias, visando melhorar ainda mais os servi\u00e7os prestados. Segundo a administra\u00e7\u00e3o, o primeiro ano do governo teve uma avalia\u00e7\u00e3o positiva, mas h\u00e1 a inten\u00e7\u00e3o de aprimorar a\u00e7\u00f5es diretas. A reuni\u00e3o tamb\u00e9m contou com a presen\u00e7a da primeira-dama, Gilvana Carvalho.<\/p>\n","protected":false},"author":4,"featured_media":179049,"comment_status":"open","ping_status":"open","sticky":false,"template":"","format":"standard","meta":[],"categories":[304],"tags":[],"_links":{"self":[{"href":"https:\/\/www.cronicasdeitarantim.com.br\/v1\/wp-json\/wp\/v2\/posts\/179047"}],"collection":[{"href":"https:\/\/www.cronicasdeitarantim.com.br\/v1\/wp-json\/wp\/v2\/posts"}],"about":[{"href":"https:\/\/www.cronicasdeitarantim.com.br\/v1\/wp-json\/wp\/v2\/types\/post"}],"author":[{"embeddable":true,"href":"https:\/\/www.cronicasdeitarantim.com.br\/v1\/wp-json\/wp\/v2\/users\/4"}],"replies":[{"embeddable":true,"href":"https:\/\/www.cronicasdeitarantim.com.br\/v1\/wp-json\/wp\/v2\/comments?post=179047"}],"version-history":[{"count":2,"href":"https:\/\/www.cronicasdeitarantim.com.br\/v1\/wp-json\/wp\/v2\/posts\/179047\/revisions"}],"predecessor-version":[{"id":179050,"href":"https:\/\/www.cronicasdeitarantim.com.br\/v1\/wp-json\/wp\/v2\/posts\/179047\/revisions\/179050"}],"wp:featuredmedia":[{"embeddable":true,"href":"https:\/\/www.cronicasdeitarantim.com.br\/v1\/wp-json\/wp\/v2\/media\/179049"}],"wp:attachment":[{"href":"https:\/\/www.cronicasdeitarantim.com.br\/v1\/wp-json\/wp\/v2\/media?parent=179047"}],"wp:term":[{"taxonomy":"category","embeddable":true,"href":"https:\/\/www.cronicasdeitarantim.com.br\/v1\/wp-json\/wp\/v2\/categories?post=179047"},{"taxonomy":"post_tag","embeddable":true,"href":"https:\/\/www.cronicasdeitarantim.com.br\/v1\/wp-json\/wp\/v2\/tags?post=179047"}],"curies":[{"name":"wp","href":"https:\/\/api.w.org\/{rel}","templated":true}]}}