{"id":179044,"date":"2026-03-06T21:44:20","date_gmt":"2026-03-07T00:44:20","guid":{"rendered":"https:\/\/www.cronicasdeitarantim.com.br\/v1\/?p=179044"},"modified":"2026-03-06T21:44:20","modified_gmt":"2026-03-07T00:44:20","slug":"vorcaro-e-transferido-para-penitenciaria-federal-em-brasilia-a-mesma-do-lider-do-pcc-marcola","status":"publish","type":"post","link":"https:\/\/www.cronicasdeitarantim.com.br\/v1\/2026\/03\/06\/vorcaro-e-transferido-para-penitenciaria-federal-em-brasilia-a-mesma-do-lider-do-pcc-marcola\/","title":{"rendered":"Vorcaro \u00e9 transferido para penitenci\u00e1ria federal em Bras\u00edlia, a mesma do l\u00edder do PCC, Marcola"},"content":{"rendered":"<h4>O banqueiro Daniel Vorcaro, propriet\u00e1rio do Banco Master, chegou a Bras\u00edlia na tarde desta sexta-feira (6), onde permanecer\u00e1 preso ap\u00f3s ser transferido do pres\u00eddio de Potim, no interior de S\u00e3o Paulo, para a Penitenci\u00e1ria Federal do Distrito Federal, a mesma unidade que abriga a c\u00fapula do PCC, incluindo seu l\u00edder m\u00e1ximo, Marcos Willians Herbas Camacho, conhecido como Marcola.<\/h4>\n<h4>Vorcaro deixou Potim por volta das 11h30 e foi escoltado at\u00e9 a capital federal por agentes da Pol\u00edcia Penal Federal em um avi\u00e3o de pequeno porte da Pol\u00edcia Federal. Esta foi a terceira transfer\u00eancia do banqueiro desde que teve a pris\u00e3o preventiva decretada novamente na quarta-feira (4). Antes de chegar a Bras\u00edlia, ele passou pelo pres\u00eddio de Potim, pela carceragem da Pol\u00edcia Federal e pelo Centro de Deten\u00e7\u00e3o Provis\u00f3ria de Guarulhos.<\/h4>\n<h4>A unidade federal escolhida para receber Vorcaro possui 208 celas individuais, com cerca de seis metros quadrados cada. Durante o per\u00edodo inicial de adapta\u00e7\u00e3o, por\u00e9m, ele dever\u00e1 permanecer isolado por 20 dias em uma cela de aproximadamente nove metros quadrados.<\/h4>\n","protected":false},"excerpt":{"rendered":"<p>O banqueiro Daniel Vorcaro, propriet\u00e1rio do Banco Master, chegou a Bras\u00edlia na tarde desta sexta-feira (6), onde permanecer\u00e1 preso ap\u00f3s ser transferido do pres\u00eddio de Potim, no interior de S\u00e3o Paulo, para a Penitenci\u00e1ria Federal do Distrito Federal, a mesma unidade que abriga a c\u00fapula do PCC, incluindo seu l\u00edder m\u00e1ximo, Marcos Willians Herbas Camacho, conhecido como Marcola. Vorcaro deixou Potim por volta das 11h30 e foi escoltado at\u00e9 a capital federal por agentes da Pol\u00edcia Penal Federal em um avi\u00e3o de pequeno porte da Pol\u00edcia Federal. Esta foi a terceira transfer\u00eancia do banqueiro desde que teve a pris\u00e3o preventiva [&hellip;]<\/p>\n","protected":false},"author":4,"featured_media":179045,"comment_status":"open","ping_status":"open","sticky":false,"template":"","format":"standard","meta":[],"categories":[296],"tags":[],"_links":{"self":[{"href":"https:\/\/www.cronicasdeitarantim.com.br\/v1\/wp-json\/wp\/v2\/posts\/179044"}],"collection":[{"href":"https:\/\/www.cronicasdeitarantim.com.br\/v1\/wp-json\/wp\/v2\/posts"}],"about":[{"href":"https:\/\/www.cronicasdeitarantim.com.br\/v1\/wp-json\/wp\/v2\/types\/post"}],"author":[{"embeddable":true,"href":"https:\/\/www.cronicasdeitarantim.com.br\/v1\/wp-json\/wp\/v2\/users\/4"}],"replies":[{"embeddable":true,"href":"https:\/\/www.cronicasdeitarantim.com.br\/v1\/wp-json\/wp\/v2\/comments?post=179044"}],"version-history":[{"count":1,"href":"https:\/\/www.cronicasdeitarantim.com.br\/v1\/wp-json\/wp\/v2\/posts\/179044\/revisions"}],"predecessor-version":[{"id":179046,"href":"https:\/\/www.cronicasdeitarantim.com.br\/v1\/wp-json\/wp\/v2\/posts\/179044\/revisions\/179046"}],"wp:featuredmedia":[{"embeddable":true,"href":"https:\/\/www.cronicasdeitarantim.com.br\/v1\/wp-json\/wp\/v2\/media\/179045"}],"wp:attachment":[{"href":"https:\/\/www.cronicasdeitarantim.com.br\/v1\/wp-json\/wp\/v2\/media?parent=179044"}],"wp:term":[{"taxonomy":"category","embeddable":true,"href":"https:\/\/www.cronicasdeitarantim.com.br\/v1\/wp-json\/wp\/v2\/categories?post=179044"},{"taxonomy":"post_tag","embeddable":true,"href":"https:\/\/www.cronicasdeitarantim.com.br\/v1\/wp-json\/wp\/v2\/tags?post=179044"}],"curies":[{"name":"wp","href":"https:\/\/api.w.org\/{rel}","templated":true}]}}