{"id":178648,"date":"2026-02-24T18:15:33","date_gmt":"2026-02-24T21:15:33","guid":{"rendered":"https:\/\/www.cronicasdeitarantim.com.br\/v1\/?p=178648"},"modified":"2026-02-24T18:15:33","modified_gmt":"2026-02-24T21:15:33","slug":"brasil-suspende-importacao-de-cacau-da-costa-do-marfim-entenda","status":"publish","type":"post","link":"https:\/\/www.cronicasdeitarantim.com.br\/v1\/2026\/02\/24\/brasil-suspende-importacao-de-cacau-da-costa-do-marfim-entenda\/","title":{"rendered":"Brasil suspende importa\u00e7\u00e3o de cacau da Costa do Marfim; entenda"},"content":{"rendered":"<div class=\"styles__Body-sc-1ffquwr-7 ePhtZb\">\n<h4>O Minist\u00e9rio da Agricultura e Pecu\u00e1ria decidiu suspender temporariamente as importa\u00e7\u00f5es de am\u00eandoas de cacau da Costa do Marfim. A medida, publicada nesta ter\u00e7a-feira, 24) de fevereiro no Di\u00e1rio Oficial da Uni\u00e3o, foi tomada por causa do risco de entrada de pragas e doen\u00e7as nas lavouras brasileiras.<\/h4>\n<h4>O governo federal explica que muitos gr\u00e3os de pa\u00edses vizinhos \u2014 como Gana, Guin\u00e9 e Lib\u00e9ria \u2014 chegam \u00e0 Costa do Marfim, e isso pode fazer com que am\u00eandoas de regi\u00f5es sem autoriza\u00e7\u00e3o sejam enviadas ao Brasil. Alguns desses pa\u00edses n\u00e3o t\u00eam autoriza\u00e7\u00e3o para exportar ao Brasil, o que aumenta os riscos para a produ\u00e7\u00e3o nacional, incluindo planta\u00e7\u00f5es na Bahia.<\/h4>\n<h4>O despacho tamb\u00e9m determina que a Secretaria de Com\u00e9rcio e a Secretaria de Defesa Agropecu\u00e1ria investiguem poss\u00edveis casos de mistura de cargas. A suspens\u00e3o seguir\u00e1 at\u00e9 que a Costa do Marfim apresente garantias de que o cacau enviado ao Brasil n\u00e3o cont\u00e9m produtos de pa\u00edses sem autoriza\u00e7\u00e3o sanit\u00e1ria.<\/h4>\n<h4>A decis\u00e3o \u00e9 resultado de uma a\u00e7\u00e3o articulada e coletiva, coordenada pelo Governo da Bahia em di\u00e1logo permanente com o Governo Federal. Participaram representantes do setor produtivo, da Assembleia Legislativa da Bahia, do Congresso Nacional, do Minist\u00e9rio da Agricultura e de outros \u00f3rg\u00e3os estrat\u00e9gicos.<\/h4>\n<h4>Antes de retornar \u00e0 Bahia, ap\u00f3s integrar miss\u00e3o internacional ao lado do presidente Luiz In\u00e1cio Lula da Silva (PT) na \u00cdndia e na Coreia do Sul, o governador Jer\u00f4nimo Rodrigues (PT) celebrou a decis\u00e3o e destacou a import\u00e2ncia da atua\u00e7\u00e3o conjunta entre o estado e a Uni\u00e3o para atender \u00e0s demandas do setor cacaueiro, como informou o Metro1.<\/h4>\n<h4>Lembrando que as constantes manifesta\u00e7\u00f5es de produtores no sul da Bahia fechando rodovias aconteceram nos \u00faltimos dias. Os protestos pediam embargos do cacau africano por conta da baixa no valor do cacau baiano.<\/h4>\n<\/div>\n","protected":false},"excerpt":{"rendered":"<p>O Minist\u00e9rio da Agricultura e Pecu\u00e1ria decidiu suspender temporariamente as importa\u00e7\u00f5es de am\u00eandoas de cacau da Costa do Marfim. A medida, publicada nesta ter\u00e7a-feira, 24) de fevereiro no Di\u00e1rio Oficial da Uni\u00e3o, foi tomada por causa do risco de entrada de pragas e doen\u00e7as nas lavouras brasileiras. O governo federal explica que muitos gr\u00e3os de pa\u00edses vizinhos \u2014 como Gana, Guin\u00e9 e Lib\u00e9ria \u2014 chegam \u00e0 Costa do Marfim, e isso pode fazer com que am\u00eandoas de regi\u00f5es sem autoriza\u00e7\u00e3o sejam enviadas ao Brasil. Alguns desses pa\u00edses n\u00e3o t\u00eam autoriza\u00e7\u00e3o para exportar ao Brasil, o que aumenta os riscos para [&hellip;]<\/p>\n","protected":false},"author":4,"featured_media":178649,"comment_status":"open","ping_status":"open","sticky":false,"template":"","format":"standard","meta":[],"categories":[295],"tags":[],"_links":{"self":[{"href":"https:\/\/www.cronicasdeitarantim.com.br\/v1\/wp-json\/wp\/v2\/posts\/178648"}],"collection":[{"href":"https:\/\/www.cronicasdeitarantim.com.br\/v1\/wp-json\/wp\/v2\/posts"}],"about":[{"href":"https:\/\/www.cronicasdeitarantim.com.br\/v1\/wp-json\/wp\/v2\/types\/post"}],"author":[{"embeddable":true,"href":"https:\/\/www.cronicasdeitarantim.com.br\/v1\/wp-json\/wp\/v2\/users\/4"}],"replies":[{"embeddable":true,"href":"https:\/\/www.cronicasdeitarantim.com.br\/v1\/wp-json\/wp\/v2\/comments?post=178648"}],"version-history":[{"count":1,"href":"https:\/\/www.cronicasdeitarantim.com.br\/v1\/wp-json\/wp\/v2\/posts\/178648\/revisions"}],"predecessor-version":[{"id":178650,"href":"https:\/\/www.cronicasdeitarantim.com.br\/v1\/wp-json\/wp\/v2\/posts\/178648\/revisions\/178650"}],"wp:featuredmedia":[{"embeddable":true,"href":"https:\/\/www.cronicasdeitarantim.com.br\/v1\/wp-json\/wp\/v2\/media\/178649"}],"wp:attachment":[{"href":"https:\/\/www.cronicasdeitarantim.com.br\/v1\/wp-json\/wp\/v2\/media?parent=178648"}],"wp:term":[{"taxonomy":"category","embeddable":true,"href":"https:\/\/www.cronicasdeitarantim.com.br\/v1\/wp-json\/wp\/v2\/categories?post=178648"},{"taxonomy":"post_tag","embeddable":true,"href":"https:\/\/www.cronicasdeitarantim.com.br\/v1\/wp-json\/wp\/v2\/tags?post=178648"}],"curies":[{"name":"wp","href":"https:\/\/api.w.org\/{rel}","templated":true}]}}