{"id":178095,"date":"2026-01-22T18:30:14","date_gmt":"2026-01-22T21:30:14","guid":{"rendered":"https:\/\/www.cronicasdeitarantim.com.br\/v1\/?p=178095"},"modified":"2026-01-22T18:30:14","modified_gmt":"2026-01-22T21:30:14","slug":"produtor-de-cafe-foi-morto-em-cidade-da-regiao","status":"publish","type":"post","link":"https:\/\/www.cronicasdeitarantim.com.br\/v1\/2026\/01\/22\/produtor-de-cafe-foi-morto-em-cidade-da-regiao\/","title":{"rendered":"Produtor de caf\u00e9 foi morto em cidade da regi\u00e3o"},"content":{"rendered":"<p>Um homem identificado pelo nome de Evil\u00e1sio foi assassinado nesta tarde de quinta-feira, 22 de Janeiro, na cidade de Barra do Cho\u00e7a no sudoeste da Bahia.<\/p>\n<p>De acordo com informa\u00e7\u00f5es Evil\u00e1sio era produtor de caf\u00e9 no munic\u00edpio. Ele foi assassinado j\u00e1 tem um momento ningu\u00e9m foi preso.<\/p>\n","protected":false},"excerpt":{"rendered":"<p>Um homem identificado pelo nome de Evil\u00e1sio foi assassinado nesta tarde de quinta-feira, 22 de Janeiro, na cidade de Barra do Cho\u00e7a no sudoeste da Bahia. De acordo com informa\u00e7\u00f5es Evil\u00e1sio era produtor de caf\u00e9 no munic\u00edpio. Ele foi assassinado j\u00e1 tem um momento ningu\u00e9m foi preso.<\/p>\n","protected":false},"author":4,"featured_media":178096,"comment_status":"open","ping_status":"open","sticky":false,"template":"","format":"standard","meta":[],"categories":[306],"tags":[],"_links":{"self":[{"href":"https:\/\/www.cronicasdeitarantim.com.br\/v1\/wp-json\/wp\/v2\/posts\/178095"}],"collection":[{"href":"https:\/\/www.cronicasdeitarantim.com.br\/v1\/wp-json\/wp\/v2\/posts"}],"about":[{"href":"https:\/\/www.cronicasdeitarantim.com.br\/v1\/wp-json\/wp\/v2\/types\/post"}],"author":[{"embeddable":true,"href":"https:\/\/www.cronicasdeitarantim.com.br\/v1\/wp-json\/wp\/v2\/users\/4"}],"replies":[{"embeddable":true,"href":"https:\/\/www.cronicasdeitarantim.com.br\/v1\/wp-json\/wp\/v2\/comments?post=178095"}],"version-history":[{"count":1,"href":"https:\/\/www.cronicasdeitarantim.com.br\/v1\/wp-json\/wp\/v2\/posts\/178095\/revisions"}],"predecessor-version":[{"id":178097,"href":"https:\/\/www.cronicasdeitarantim.com.br\/v1\/wp-json\/wp\/v2\/posts\/178095\/revisions\/178097"}],"wp:featuredmedia":[{"embeddable":true,"href":"https:\/\/www.cronicasdeitarantim.com.br\/v1\/wp-json\/wp\/v2\/media\/178096"}],"wp:attachment":[{"href":"https:\/\/www.cronicasdeitarantim.com.br\/v1\/wp-json\/wp\/v2\/media?parent=178095"}],"wp:term":[{"taxonomy":"category","embeddable":true,"href":"https:\/\/www.cronicasdeitarantim.com.br\/v1\/wp-json\/wp\/v2\/categories?post=178095"},{"taxonomy":"post_tag","embeddable":true,"href":"https:\/\/www.cronicasdeitarantim.com.br\/v1\/wp-json\/wp\/v2\/tags?post=178095"}],"curies":[{"name":"wp","href":"https:\/\/api.w.org\/{rel}","templated":true}]}}