{"id":178083,"date":"2026-01-21T23:07:56","date_gmt":"2026-01-22T02:07:56","guid":{"rendered":"https:\/\/www.cronicasdeitarantim.com.br\/v1\/?p=178083"},"modified":"2026-01-21T23:08:25","modified_gmt":"2026-01-22T02:08:25","slug":"homem-que-matou-professora-em-iguai-continua-foragido-da-policia-policia-continua-na-captura","status":"publish","type":"post","link":"https:\/\/www.cronicasdeitarantim.com.br\/v1\/2026\/01\/21\/homem-que-matou-professora-em-iguai-continua-foragido-da-policia-policia-continua-na-captura\/","title":{"rendered":"Homem que matou professora em Igua\u00ed continua foragido da pol\u00edcia, pol\u00edcia continua na captura"},"content":{"rendered":"<p>O homem que matou uma professora no munic\u00edpio de Igua\u00ed que foi identificada pelo nome de Fernando e a professora de nome\u00a0<a href=\"https:\/\/www.cronicasdeitarantim.com.br\/v1\/2026\/01\/17\/mulher-assassinada-pelo-companheiro-em-iguai-foi-identificada-pelo-nome-de-ivone-rocha-dos-santos-teixeira\/\">Ivone Rocha dos Santos Teixeira\u00a0<\/a>de 38 anos de idade, continua foragido da pol\u00edcia. O assassino tem 51 anos de idade e\u00a0 matou a professora com golpes de faca no dia 17 de janeiro na resid\u00eancia de Ivone.<\/p>\n<p>Desde esse dia ele se encontra foragido da justi\u00e7a e a pol\u00edcia faz busca em toda regi\u00e3o. Algumas pessoas chegaram a informar que o assassino foi visto na regi\u00e3o de Firmino Alves em uma localidade rural, mas at\u00e9 o momento a pol\u00edcia n\u00e3o tem pista do assassino mas segue com as investiga\u00e7\u00f5es.<\/p>\n<p><a href=\"https:\/\/www.cronicasdeitarantim.com.br\/v1\/wp-content\/uploads\/2026\/01\/WhatsApp-Image-2026-01-17-at-17.55.33.jpeg\"><img decoding=\"async\" loading=\"lazy\" class=\"alignnone size-full wp-image-178010\" src=\"https:\/\/www.cronicasdeitarantim.com.br\/v1\/wp-content\/uploads\/2026\/01\/WhatsApp-Image-2026-01-17-at-17.55.33.jpeg\" alt=\"\" width=\"473\" height=\"800\" srcset=\"https:\/\/www.cronicasdeitarantim.com.br\/v1\/wp-content\/uploads\/2026\/01\/WhatsApp-Image-2026-01-17-at-17.55.33.jpeg 473w, https:\/\/www.cronicasdeitarantim.com.br\/v1\/wp-content\/uploads\/2026\/01\/WhatsApp-Image-2026-01-17-at-17.55.33-177x300.jpeg 177w, https:\/\/www.cronicasdeitarantim.com.br\/v1\/wp-content\/uploads\/2026\/01\/WhatsApp-Image-2026-01-17-at-17.55.33-400x677.jpeg 400w, https:\/\/www.cronicasdeitarantim.com.br\/v1\/wp-content\/uploads\/2026\/01\/WhatsApp-Image-2026-01-17-at-17.55.33-355x600.jpeg 355w\" sizes=\"(max-width: 473px) 100vw, 473px\" \/><\/a><\/p>\n","protected":false},"excerpt":{"rendered":"<p>O homem que matou uma professora no munic\u00edpio de Igua\u00ed que foi identificada pelo nome de Fernando e a professora de nome\u00a0Ivone Rocha dos Santos Teixeira\u00a0de 38 anos de idade, continua foragido da pol\u00edcia. O assassino tem 51 anos de idade e\u00a0 matou a professora com golpes de faca no dia 17 de janeiro na resid\u00eancia de Ivone. Desde esse dia ele se encontra foragido da justi\u00e7a e a pol\u00edcia faz busca em toda regi\u00e3o. Algumas pessoas chegaram a informar que o assassino foi visto na regi\u00e3o de Firmino Alves em uma localidade rural, mas at\u00e9 o momento a pol\u00edcia [&hellip;]<\/p>\n","protected":false},"author":4,"featured_media":178010,"comment_status":"open","ping_status":"open","sticky":false,"template":"","format":"standard","meta":[],"categories":[306],"tags":[],"_links":{"self":[{"href":"https:\/\/www.cronicasdeitarantim.com.br\/v1\/wp-json\/wp\/v2\/posts\/178083"}],"collection":[{"href":"https:\/\/www.cronicasdeitarantim.com.br\/v1\/wp-json\/wp\/v2\/posts"}],"about":[{"href":"https:\/\/www.cronicasdeitarantim.com.br\/v1\/wp-json\/wp\/v2\/types\/post"}],"author":[{"embeddable":true,"href":"https:\/\/www.cronicasdeitarantim.com.br\/v1\/wp-json\/wp\/v2\/users\/4"}],"replies":[{"embeddable":true,"href":"https:\/\/www.cronicasdeitarantim.com.br\/v1\/wp-json\/wp\/v2\/comments?post=178083"}],"version-history":[{"count":2,"href":"https:\/\/www.cronicasdeitarantim.com.br\/v1\/wp-json\/wp\/v2\/posts\/178083\/revisions"}],"predecessor-version":[{"id":178085,"href":"https:\/\/www.cronicasdeitarantim.com.br\/v1\/wp-json\/wp\/v2\/posts\/178083\/revisions\/178085"}],"wp:featuredmedia":[{"embeddable":true,"href":"https:\/\/www.cronicasdeitarantim.com.br\/v1\/wp-json\/wp\/v2\/media\/178010"}],"wp:attachment":[{"href":"https:\/\/www.cronicasdeitarantim.com.br\/v1\/wp-json\/wp\/v2\/media?parent=178083"}],"wp:term":[{"taxonomy":"category","embeddable":true,"href":"https:\/\/www.cronicasdeitarantim.com.br\/v1\/wp-json\/wp\/v2\/categories?post=178083"},{"taxonomy":"post_tag","embeddable":true,"href":"https:\/\/www.cronicasdeitarantim.com.br\/v1\/wp-json\/wp\/v2\/tags?post=178083"}],"curies":[{"name":"wp","href":"https:\/\/api.w.org\/{rel}","templated":true}]}}