{"id":178081,"date":"2026-01-21T20:57:59","date_gmt":"2026-01-21T23:57:59","guid":{"rendered":"https:\/\/www.cronicasdeitarantim.com.br\/v1\/?p=178081"},"modified":"2026-01-21T20:57:59","modified_gmt":"2026-01-21T23:57:59","slug":"bahia-tem-maior-reducao-de-mortes-violentas-dos-ultimos-19-anos-e-registra-queda-de-131-em-2025","status":"publish","type":"post","link":"https:\/\/www.cronicasdeitarantim.com.br\/v1\/2026\/01\/21\/bahia-tem-maior-reducao-de-mortes-violentas-dos-ultimos-19-anos-e-registra-queda-de-131-em-2025\/","title":{"rendered":"Bahia tem maior redu\u00e7\u00e3o de mortes violentas dos \u00faltimos 19 anos e registra queda de 13,1% em 2025"},"content":{"rendered":"<article id=\"post-246776\" class=\"post-246776 post type-post status-publish format-standard hentry category-noticias\">\n<div class=\"container-post\">\n<div class=\"entry-content\">\n<h4>REDU\u00c7\u00c3O NOS N\u00daMEROS &#8211; A Bahia registrou a maior redu\u00e7\u00e3o no n\u00famero de homic\u00eddio, latroc\u00ednio e les\u00e3o dolosa seguida de morte dos \u00faltimos 19 anos, segundo levantamento realizado pela Pol\u00edcia Civil. Os dados foram apresentados na manh\u00e3 desta ter\u00e7a-feira, 20 de janeiro, em coletiva de imprensa no Centro de Opera\u00e7\u00f5es e Intelig\u00eancia (COI) e divulgada pelo Bahia Not\u00edcias.<\/h4>\n<h4>No ano passado foram contabilizadas 3.884 ocorr\u00eancias, 588 a menos que no ano de 2024, redu\u00e7\u00e3o de 13,1%, segundo dados da Pol\u00edcia Civil. Em 2025, foi o quarto ano consecutivo com a redu\u00e7\u00e3o de mortes violentas no estado.<\/h4>\n<h4>Em rela\u00e7\u00e3o aos feminic\u00eddios, o estado registrou 103 crimes do g\u00eanero em 2025, de acordo com a Pol\u00edcia Civil. O n\u00famero total do ano passado \u00e9 6,3% menor que o contabilizado em 2024.<\/h4>\n<h4>\u201cLan\u00e7amos no final do ano de 2025 o Baralho Lil\u00e1s, ferramenta que exp\u00f5e agressores procurados pela Justi\u00e7a. Queremos fortalecer cada vez mais a rede de prote\u00e7\u00e3o, visando ampliar a redu\u00e7\u00e3o da viol\u00eancia de g\u00eanero\u201d, destacou Werner.<\/h4>\n<h4>Salvador registrou o menor n\u00famero de mortes violentas dos \u00faltimos 25 anos em 2025, com redu\u00e7\u00e3o de 22,9% em compara\u00e7\u00e3o com 2024. Ao todo, a Pol\u00edcia Civil contabilizou 706 ocorr\u00eancias nos 12 meses do ano passado.<\/h4>\n<h4>Na Regi\u00e3o Metropolitana de Salvador, no mesmo per\u00edodo de compara\u00e7\u00e3o, a redu\u00e7\u00e3o tamb\u00e9m alcan\u00e7ou os dois d\u00edgitos, com 21,2% a menos de CVLIs, representando 390 crimes, 105 a menos. No interior do estado, o ano de 2025 terminou com 2.788 mortes violentas, redu\u00e7\u00e3o de 8,9%.<\/h4>\n<h4>O secret\u00e1rio da Seguran\u00e7a P\u00fablica, Marcelo Werner, enfatizou que a redu\u00e7\u00e3o dos \u00edndices criminais \u00e9 resultado do trabalho constante das For\u00e7as Policiais. \u201cCom refor\u00e7o das a\u00e7\u00f5es ostensivas e seguindo a doutrina do Policiamento Orientado pela Intelig\u00eancia, asfixiamos financeiramente as fac\u00e7\u00f5es\u201d, ressaltou.<\/h4>\n<\/div>\n<footer class=\"entry-footer\"><\/footer>\n<\/div>\n<\/article>\n<div class=\"my-2\"><\/div>\n<article id=\"post-246771\" class=\"post-246771 post type-post status-publish format-standard has-post-thumbnail hentry category-noticias tag-destaque\">\n<div class=\"container-post\"><\/div>\n<\/article>\n","protected":false},"excerpt":{"rendered":"<p>REDU\u00c7\u00c3O NOS N\u00daMEROS &#8211; A Bahia registrou a maior redu\u00e7\u00e3o no n\u00famero de homic\u00eddio, latroc\u00ednio e les\u00e3o dolosa seguida de morte dos \u00faltimos 19 anos, segundo levantamento realizado pela Pol\u00edcia Civil. Os dados foram apresentados na manh\u00e3 desta ter\u00e7a-feira, 20 de janeiro, em coletiva de imprensa no Centro de Opera\u00e7\u00f5es e Intelig\u00eancia (COI) e divulgada pelo Bahia Not\u00edcias. No ano passado foram contabilizadas 3.884 ocorr\u00eancias, 588 a menos que no ano de 2024, redu\u00e7\u00e3o de 13,1%, segundo dados da Pol\u00edcia Civil. Em 2025, foi o quarto ano consecutivo com a redu\u00e7\u00e3o de mortes violentas no estado. Em rela\u00e7\u00e3o aos feminic\u00eddios, [&hellip;]<\/p>\n","protected":false},"author":4,"featured_media":178027,"comment_status":"open","ping_status":"open","sticky":false,"template":"","format":"standard","meta":[],"categories":[295],"tags":[],"_links":{"self":[{"href":"https:\/\/www.cronicasdeitarantim.com.br\/v1\/wp-json\/wp\/v2\/posts\/178081"}],"collection":[{"href":"https:\/\/www.cronicasdeitarantim.com.br\/v1\/wp-json\/wp\/v2\/posts"}],"about":[{"href":"https:\/\/www.cronicasdeitarantim.com.br\/v1\/wp-json\/wp\/v2\/types\/post"}],"author":[{"embeddable":true,"href":"https:\/\/www.cronicasdeitarantim.com.br\/v1\/wp-json\/wp\/v2\/users\/4"}],"replies":[{"embeddable":true,"href":"https:\/\/www.cronicasdeitarantim.com.br\/v1\/wp-json\/wp\/v2\/comments?post=178081"}],"version-history":[{"count":1,"href":"https:\/\/www.cronicasdeitarantim.com.br\/v1\/wp-json\/wp\/v2\/posts\/178081\/revisions"}],"predecessor-version":[{"id":178082,"href":"https:\/\/www.cronicasdeitarantim.com.br\/v1\/wp-json\/wp\/v2\/posts\/178081\/revisions\/178082"}],"wp:featuredmedia":[{"embeddable":true,"href":"https:\/\/www.cronicasdeitarantim.com.br\/v1\/wp-json\/wp\/v2\/media\/178027"}],"wp:attachment":[{"href":"https:\/\/www.cronicasdeitarantim.com.br\/v1\/wp-json\/wp\/v2\/media?parent=178081"}],"wp:term":[{"taxonomy":"category","embeddable":true,"href":"https:\/\/www.cronicasdeitarantim.com.br\/v1\/wp-json\/wp\/v2\/categories?post=178081"},{"taxonomy":"post_tag","embeddable":true,"href":"https:\/\/www.cronicasdeitarantim.com.br\/v1\/wp-json\/wp\/v2\/tags?post=178081"}],"curies":[{"name":"wp","href":"https:\/\/api.w.org\/{rel}","templated":true}]}}