{"id":178053,"date":"2026-01-19T23:50:04","date_gmt":"2026-01-20T02:50:04","guid":{"rendered":"https:\/\/www.cronicasdeitarantim.com.br\/v1\/?p=178053"},"modified":"2026-01-19T23:50:04","modified_gmt":"2026-01-20T02:50:04","slug":"maiquinique-secretario-de-transporte-explica-polemica-da-agua-do-carro-pipa","status":"publish","type":"post","link":"https:\/\/www.cronicasdeitarantim.com.br\/v1\/2026\/01\/19\/maiquinique-secretario-de-transporte-explica-polemica-da-agua-do-carro-pipa\/","title":{"rendered":"Maiquinique: Secret\u00e1rio de transporte explica pol\u00eamica da \u00e1gua do carro-pipa"},"content":{"rendered":"<h4>O Secret\u00e1rio de Transporte de Maiquinique, Thiago Jardim, atrav\u00e9s de um v\u00eddeo, explicou a situa\u00e7\u00e3o da \u00e1gua suja, de uma mat\u00e9ria que foi publicada no nosso site nesta segunda-feira, 19 de janeiro. A mat\u00e9ria produzida foi uma den\u00fancia dos moradores de Maiquinique, que afirmava que a \u00e1gua suja estava sendo abastecida para a popula\u00e7\u00e3o do bairro Ouro Verde.<\/h4>\n<h4>O secret\u00e1rio explicou, atrav\u00e9s do v\u00eddeo, que n\u00f3s replicamos ao final da mat\u00e9ria, que houve um v\u00eddeo que feito para mostrar que a \u00e1gua estava em p\u00e9ssimas condi\u00e7\u00f5es e avisar os residentes do bairro Ouro Verde que n\u00e3o haveria o servi\u00e7o de manuten\u00e7\u00e3o de abastecimento nas resid\u00eancias.<\/h4>\n<h4>Um dos funcion\u00e1rios da Prefeitura, em contato com a nossa reda\u00e7\u00e3o, tamb\u00e9m explicou a situa\u00e7\u00e3o do bairro, que ainda n\u00e3o tem saneamento b\u00e1sico e nem estrutura de canaliza\u00e7\u00e3o. Por isso, algumas resid\u00eancias s\u00e3o abastecidas atrav\u00e9s de carro-pipa.<\/h4>\n<h4>O funcion\u00e1rio da Prefeitura, ainda informou que a \u00e1gua que \u00e9 coletada neste local para o abastecimento das resid\u00eancias n\u00e3o \u00e9 para consumo humano, a \u00e1gua \u00e9 para outras demandas.<\/h4>\n<p><iframe loading=\"lazy\" title=\"Secret\u00e1rio de transporte de Maiquinique explica situa\u00e7\u00e3o da \u00e1gua em Maiquinique\" width=\"563\" height=\"1000\" src=\"https:\/\/www.youtube.com\/embed\/RF2nj0pQWJU?feature=oembed\" frameborder=\"0\" allow=\"accelerometer; autoplay; clipboard-write; encrypted-media; gyroscope; picture-in-picture; web-share\" referrerpolicy=\"strict-origin-when-cross-origin\" allowfullscreen><\/iframe><\/p>\n<p>&nbsp;<\/p>\n","protected":false},"excerpt":{"rendered":"<p>O Secret\u00e1rio de Transporte de Maiquinique, Thiago Jardim, atrav\u00e9s de um v\u00eddeo, explicou a situa\u00e7\u00e3o da \u00e1gua suja, de uma mat\u00e9ria que foi publicada no nosso site nesta segunda-feira, 19 de janeiro. A mat\u00e9ria produzida foi uma den\u00fancia dos moradores de Maiquinique, que afirmava que a \u00e1gua suja estava sendo abastecida para a popula\u00e7\u00e3o do bairro Ouro Verde. O secret\u00e1rio explicou, atrav\u00e9s do v\u00eddeo, que n\u00f3s replicamos ao final da mat\u00e9ria, que houve um v\u00eddeo que feito para mostrar que a \u00e1gua estava em p\u00e9ssimas condi\u00e7\u00f5es e avisar os residentes do bairro Ouro Verde que n\u00e3o haveria o servi\u00e7o de [&hellip;]<\/p>\n","protected":false},"author":4,"featured_media":178054,"comment_status":"open","ping_status":"open","sticky":false,"template":"","format":"standard","meta":[],"categories":[1],"tags":[],"_links":{"self":[{"href":"https:\/\/www.cronicasdeitarantim.com.br\/v1\/wp-json\/wp\/v2\/posts\/178053"}],"collection":[{"href":"https:\/\/www.cronicasdeitarantim.com.br\/v1\/wp-json\/wp\/v2\/posts"}],"about":[{"href":"https:\/\/www.cronicasdeitarantim.com.br\/v1\/wp-json\/wp\/v2\/types\/post"}],"author":[{"embeddable":true,"href":"https:\/\/www.cronicasdeitarantim.com.br\/v1\/wp-json\/wp\/v2\/users\/4"}],"replies":[{"embeddable":true,"href":"https:\/\/www.cronicasdeitarantim.com.br\/v1\/wp-json\/wp\/v2\/comments?post=178053"}],"version-history":[{"count":1,"href":"https:\/\/www.cronicasdeitarantim.com.br\/v1\/wp-json\/wp\/v2\/posts\/178053\/revisions"}],"predecessor-version":[{"id":178055,"href":"https:\/\/www.cronicasdeitarantim.com.br\/v1\/wp-json\/wp\/v2\/posts\/178053\/revisions\/178055"}],"wp:featuredmedia":[{"embeddable":true,"href":"https:\/\/www.cronicasdeitarantim.com.br\/v1\/wp-json\/wp\/v2\/media\/178054"}],"wp:attachment":[{"href":"https:\/\/www.cronicasdeitarantim.com.br\/v1\/wp-json\/wp\/v2\/media?parent=178053"}],"wp:term":[{"taxonomy":"category","embeddable":true,"href":"https:\/\/www.cronicasdeitarantim.com.br\/v1\/wp-json\/wp\/v2\/categories?post=178053"},{"taxonomy":"post_tag","embeddable":true,"href":"https:\/\/www.cronicasdeitarantim.com.br\/v1\/wp-json\/wp\/v2\/tags?post=178053"}],"curies":[{"name":"wp","href":"https:\/\/api.w.org\/{rel}","templated":true}]}}