{"id":178021,"date":"2026-01-18T20:51:27","date_gmt":"2026-01-18T23:51:27","guid":{"rendered":"https:\/\/www.cronicasdeitarantim.com.br\/v1\/?p=178021"},"modified":"2026-01-18T20:51:27","modified_gmt":"2026-01-18T23:51:27","slug":"itarantim-algumas-ocorrencias-foram-registradas-na-cidade-acidente-de-carro-e-uma-pessoa-que-sofreu-queimaduras","status":"publish","type":"post","link":"https:\/\/www.cronicasdeitarantim.com.br\/v1\/2026\/01\/18\/itarantim-algumas-ocorrencias-foram-registradas-na-cidade-acidente-de-carro-e-uma-pessoa-que-sofreu-queimaduras\/","title":{"rendered":"Itarantim: Algumas ocorr\u00eancias foram registradas na cidade, acidente de carro e uma pessoa que sofreu queimaduras"},"content":{"rendered":"<p>Neste domingo, 18 de janeiro, Itarantim registrou algumas ocorr\u00eancias que chamaram a aten\u00e7\u00e3o e foram amplamente discutidas nas redes sociais.<\/p>\n<p>Um dos casos envolve um homem, que n\u00e3o teve a identidade divulgada, que teve o corpo queimado nas imedia\u00e7\u00f5es do mercado municipal.<\/p>\n<p>As informa\u00e7\u00f5es dispon\u00edveis indicam que a a\u00e7\u00e3o foi provocada por uma mulher que apresenta problemas psicol\u00f3gicos. At\u00e9 o momento, n\u00e3o h\u00e1 detalhes sobre o estado de sa\u00fade da v\u00edtima que foi atendido no Hospital Regional de Itarantim.<\/p>\n<p>Outro fato relevante que chamou aten\u00e7\u00e3o foi um acidente de carro ocorrido na rua Maria Cl\u00e1udia, no centro de Itarantim, na sa\u00edda para Jord\u00e2nia. As causas do acidente e a identidade do motorista ainda s\u00e3o desconhecidas, mas o ve\u00edculo ficou parcialmente destru\u00eddo. N\u00e3o h\u00e1 informa\u00e7\u00f5es sobre o estado de sa\u00fade do motorista e se havia mais algu\u00e9m no carro.<\/p>\n<p>&nbsp;<\/p>\n","protected":false},"excerpt":{"rendered":"<p>Neste domingo, 18 de janeiro, Itarantim registrou algumas ocorr\u00eancias que chamaram a aten\u00e7\u00e3o e foram amplamente discutidas nas redes sociais. Um dos casos envolve um homem, que n\u00e3o teve a identidade divulgada, que teve o corpo queimado nas imedia\u00e7\u00f5es do mercado municipal. As informa\u00e7\u00f5es dispon\u00edveis indicam que a a\u00e7\u00e3o foi provocada por uma mulher que apresenta problemas psicol\u00f3gicos. At\u00e9 o momento, n\u00e3o h\u00e1 detalhes sobre o estado de sa\u00fade da v\u00edtima que foi atendido no Hospital Regional de Itarantim. Outro fato relevante que chamou aten\u00e7\u00e3o foi um acidente de carro ocorrido na rua Maria Cl\u00e1udia, no centro de Itarantim, na [&hellip;]<\/p>\n","protected":false},"author":4,"featured_media":178024,"comment_status":"open","ping_status":"open","sticky":false,"template":"","format":"standard","meta":[],"categories":[306],"tags":[],"_links":{"self":[{"href":"https:\/\/www.cronicasdeitarantim.com.br\/v1\/wp-json\/wp\/v2\/posts\/178021"}],"collection":[{"href":"https:\/\/www.cronicasdeitarantim.com.br\/v1\/wp-json\/wp\/v2\/posts"}],"about":[{"href":"https:\/\/www.cronicasdeitarantim.com.br\/v1\/wp-json\/wp\/v2\/types\/post"}],"author":[{"embeddable":true,"href":"https:\/\/www.cronicasdeitarantim.com.br\/v1\/wp-json\/wp\/v2\/users\/4"}],"replies":[{"embeddable":true,"href":"https:\/\/www.cronicasdeitarantim.com.br\/v1\/wp-json\/wp\/v2\/comments?post=178021"}],"version-history":[{"count":2,"href":"https:\/\/www.cronicasdeitarantim.com.br\/v1\/wp-json\/wp\/v2\/posts\/178021\/revisions"}],"predecessor-version":[{"id":178025,"href":"https:\/\/www.cronicasdeitarantim.com.br\/v1\/wp-json\/wp\/v2\/posts\/178021\/revisions\/178025"}],"wp:featuredmedia":[{"embeddable":true,"href":"https:\/\/www.cronicasdeitarantim.com.br\/v1\/wp-json\/wp\/v2\/media\/178024"}],"wp:attachment":[{"href":"https:\/\/www.cronicasdeitarantim.com.br\/v1\/wp-json\/wp\/v2\/media?parent=178021"}],"wp:term":[{"taxonomy":"category","embeddable":true,"href":"https:\/\/www.cronicasdeitarantim.com.br\/v1\/wp-json\/wp\/v2\/categories?post=178021"},{"taxonomy":"post_tag","embeddable":true,"href":"https:\/\/www.cronicasdeitarantim.com.br\/v1\/wp-json\/wp\/v2\/tags?post=178021"}],"curies":[{"name":"wp","href":"https:\/\/api.w.org\/{rel}","templated":true}]}}