{"id":178013,"date":"2026-01-17T22:00:52","date_gmt":"2026-01-18T01:00:52","guid":{"rendered":"https:\/\/www.cronicasdeitarantim.com.br\/v1\/?p=178013"},"modified":"2026-01-17T22:00:52","modified_gmt":"2026-01-18T01:00:52","slug":"boas-noticias-que-foram-destaques-na-area-da-saude-economia-e-bem-estar-deste-sabado","status":"publish","type":"post","link":"https:\/\/www.cronicasdeitarantim.com.br\/v1\/2026\/01\/17\/boas-noticias-que-foram-destaques-na-area-da-saude-economia-e-bem-estar-deste-sabado\/","title":{"rendered":"Boas not\u00edcias que foram destaques na \u00e1rea da sa\u00fade, economia e bem-estar deste s\u00e1bado"},"content":{"rendered":"<p dir=\"ltr\">\u00c9 sempre bom come\u00e7ar o dia com uma dose de otimismo e boas not\u00edcias. Neste s\u00e1bado, 17 de janeiro de 2026, o cen\u00e1rio traz avan\u00e7os importantes na sa\u00fade, economia e bem-estar. Aqui est\u00e3o os destaques positivos deste s\u00e1bado.<\/p>\n<h3 dir=\"ltr\">\u200bSa\u00fade e Ci\u00eancia<\/h3>\n<p>\u200b<b>Vacina Brasileira contra Dengue:<\/b><\/p>\n<p>O Minist\u00e9rio da Sa\u00fade deu in\u00edcio \u00e0 aplica\u00e7\u00e3o da primeira vacina brasileira de dose \u00fanica contra a dengue em munic\u00edpios-piloto. Desenvolvida pelo Instituto Butantan, ela promete facilitar a imuniza\u00e7\u00e3o e reduzir drasticamente os casos graves.<\/p>\n<p><b>Avan\u00e7os na Sa\u00fade Ind\u00edgena:<\/b><\/p>\n<p>Foi lan\u00e7ado hoje um m\u00f3dulo in\u00e9dito para monitorar o desenvolvimento de crian\u00e7as ind\u00edgenas de 0 a 10 anos. A ferramenta permitir\u00e1 a identifica\u00e7\u00e3o precoce de condi\u00e7\u00f5es de sa\u00fade e melhoria no atendimento em regi\u00f5es remotas.<\/p>\n<p><b>Celebra\u00e7\u00e3o da Imuniza\u00e7\u00e3o:<\/b><\/p>\n<p>Hoje marca o anivers\u00e1rio de 5 anos da primeira dose da vacina contra a COVID-19 aplicada no Brasil, um lembrete do poder da ci\u00eancia que salvou milh\u00f5es de vidas desde 2021.<\/p>\n<h3 dir=\"ltr\">\u200bEconomia e Parcerias<\/h3>\n<p><b>Acordo Mercosul-Uni\u00e3o Europeia:<\/b><\/p>\n<p>Ap\u00f3s d\u00e9cadas de negocia\u00e7\u00e3o, l\u00edderes dos dois blocos avan\u00e7aram na assinatura de um acordo hist\u00f3rico que cria a maior \u00e1rea de livre com\u00e9rcio do mundo. A previs\u00e3o \u00e9 de que isso gere novas oportunidades de emprego e renda, al\u00e9m de reduzir tarifas sobre produtos industriais.<\/p>\n<p><b>Mobilidade Global:<\/b><\/p>\n<p>O passaporte da \u00cdndia subiu posi\u00e7\u00f5es no ranking global, facilitando viagens sem visto para diversos pa\u00edses, um sinal de maior abertura e coopera\u00e7\u00e3o diplom\u00e1tica internacional.<\/p>\n<h3 dir=\"ltr\">\u200b Bem-estar e Comunidade<\/h3>\n<p><b>Janeiro Branco:<\/b><\/p>\n<p>Diversas cidades brasileiras, como Maranguape (CE), realizaram mutir\u00f5es de sa\u00fade mental e bem-estar, refor\u00e7ando a import\u00e2ncia do cuidado psicol\u00f3gico no in\u00edcio do ano.<\/p>\n<p>\u200b<b>Inova\u00e7\u00e3o Social:<\/b><\/p>\n<p>Uma plataforma brasileira focada na educa\u00e7\u00e3o de autistas recebeu um pr\u00eamio internacional nos Emirados \u00c1rabes, destacando o talento do Brasil na cria\u00e7\u00e3o de tecnologias inclusivas.<\/p>\n<p dir=\"ltr\">\u200b<\/p>\n","protected":false},"excerpt":{"rendered":"<p>\u00c9 sempre bom come\u00e7ar o dia com uma dose de otimismo e boas not\u00edcias. Neste s\u00e1bado, 17 de janeiro de 2026, o cen\u00e1rio traz avan\u00e7os importantes na sa\u00fade, economia e bem-estar. Aqui est\u00e3o os destaques positivos deste s\u00e1bado. \u200bSa\u00fade e Ci\u00eancia \u200bVacina Brasileira contra Dengue: O Minist\u00e9rio da Sa\u00fade deu in\u00edcio \u00e0 aplica\u00e7\u00e3o da primeira vacina brasileira de dose \u00fanica contra a dengue em munic\u00edpios-piloto. Desenvolvida pelo Instituto Butantan, ela promete facilitar a imuniza\u00e7\u00e3o e reduzir drasticamente os casos graves. Avan\u00e7os na Sa\u00fade Ind\u00edgena: Foi lan\u00e7ado hoje um m\u00f3dulo in\u00e9dito para monitorar o desenvolvimento de crian\u00e7as ind\u00edgenas de 0 a [&hellip;]<\/p>\n","protected":false},"author":4,"featured_media":172163,"comment_status":"open","ping_status":"open","sticky":false,"template":"","format":"standard","meta":[],"categories":[14],"tags":[],"_links":{"self":[{"href":"https:\/\/www.cronicasdeitarantim.com.br\/v1\/wp-json\/wp\/v2\/posts\/178013"}],"collection":[{"href":"https:\/\/www.cronicasdeitarantim.com.br\/v1\/wp-json\/wp\/v2\/posts"}],"about":[{"href":"https:\/\/www.cronicasdeitarantim.com.br\/v1\/wp-json\/wp\/v2\/types\/post"}],"author":[{"embeddable":true,"href":"https:\/\/www.cronicasdeitarantim.com.br\/v1\/wp-json\/wp\/v2\/users\/4"}],"replies":[{"embeddable":true,"href":"https:\/\/www.cronicasdeitarantim.com.br\/v1\/wp-json\/wp\/v2\/comments?post=178013"}],"version-history":[{"count":1,"href":"https:\/\/www.cronicasdeitarantim.com.br\/v1\/wp-json\/wp\/v2\/posts\/178013\/revisions"}],"predecessor-version":[{"id":178014,"href":"https:\/\/www.cronicasdeitarantim.com.br\/v1\/wp-json\/wp\/v2\/posts\/178013\/revisions\/178014"}],"wp:featuredmedia":[{"embeddable":true,"href":"https:\/\/www.cronicasdeitarantim.com.br\/v1\/wp-json\/wp\/v2\/media\/172163"}],"wp:attachment":[{"href":"https:\/\/www.cronicasdeitarantim.com.br\/v1\/wp-json\/wp\/v2\/media?parent=178013"}],"wp:term":[{"taxonomy":"category","embeddable":true,"href":"https:\/\/www.cronicasdeitarantim.com.br\/v1\/wp-json\/wp\/v2\/categories?post=178013"},{"taxonomy":"post_tag","embeddable":true,"href":"https:\/\/www.cronicasdeitarantim.com.br\/v1\/wp-json\/wp\/v2\/tags?post=178013"}],"curies":[{"name":"wp","href":"https:\/\/api.w.org\/{rel}","templated":true}]}}