{"id":177981,"date":"2026-01-16T19:31:37","date_gmt":"2026-01-16T22:31:37","guid":{"rendered":"https:\/\/www.cronicasdeitarantim.com.br\/v1\/?p=177981"},"modified":"2026-01-16T19:38:55","modified_gmt":"2026-01-16T22:38:55","slug":"coluna-fogo-no-parquinho-a-ilusao-das-ambulancias-novas","status":"publish","type":"post","link":"https:\/\/www.cronicasdeitarantim.com.br\/v1\/2026\/01\/16\/coluna-fogo-no-parquinho-a-ilusao-das-ambulancias-novas\/","title":{"rendered":"Coluna: &#8220;Fogo no Parquinho&#8221;, a Ilus\u00e3o das ambul\u00e2ncias novas"},"content":{"rendered":"<p>Recentemente, o Prefeito recebeu do governo do estado duas ambul\u00e2ncias novinhas para o munic\u00edpio. Uma cena digna de aplausos, n\u00e3o \u00e9 mesmo? Mas, ao olhar mais de perto, percebemos que essa entrega \u00e9 apenas a cereja do bolo em uma festa que n\u00e3o resolve a verdadeira crise: a situa\u00e7\u00e3o do Hospital Regional de Itarantim.<\/p>\n<p>Enquanto a prefeito se prepara para celebrar a chegada dos novos ve\u00edculos, o hospital continua a ser um retrato de descaso. A popula\u00e7\u00e3o, em un\u00edssono, reclama \u2014 e com raz\u00e3o. Como \u00e9 poss\u00edvel que um governo que se intitula &#8220;cuidar de gente&#8221; e &#8220;humanizado&#8221; n\u00e3o busque parcerias para sanar os problemas cr\u00f4nicos da sa\u00fade? \u00c9 como se o slogan fosse apenas uma frase bonita, sem subst\u00e2ncia.<\/p>\n<p>A festa das ambul\u00e2ncias \u00e9 anunciada como um grande evento. Mas, enquanto isso, os pacientes internados enfrentam o calor insuport\u00e1vel e a falta de estrutura, com hist\u00f3rias que v\u00e3o de desconforto a trag\u00e9dias. N\u00e3o adianta ter ambul\u00e2ncias novas se o hospital se assemelha a um relic\u00e1rio de \u00e9pocas passadas, onde a sa\u00fade \u00e9 tratada como um detalhe secund\u00e1rio.<\/p>\n<p>A propaganda do governo pode brilhar como fogos de artif\u00edcio, mas esconde uma realidade dura e dolorosa. &#8220;Ambul\u00e2ncia nova em garagem velha de hospital&#8221; se torna uma met\u00e1fora perfeita para o abismo entre a imagem que se quer passar e a realidade vivida pela popula\u00e7\u00e3o. O cercadinho que o governo constr\u00f3i em torno dessa situa\u00e7\u00e3o s\u00f3 acentua a desconex\u00e3o entre o discurso e a pr\u00e1tica.<\/p>\n<p>Assim, a t\u00f4nica do governo do prefeito F\u00e1bio Gusm\u00e3o se revela: um espet\u00e1culo de apar\u00eancias que, no fundo, n\u00e3o resolve o que realmente importa. Enquanto a sociedade se distrai com festas e desfiles, a sa\u00fade da popula\u00e7\u00e3o continua a padecer, clamando por aten\u00e7\u00e3o e cuidado.<\/p>\n<p>Vamos para festa!<\/p>\n<p>&nbsp;<\/p>\n","protected":false},"excerpt":{"rendered":"<p>Recentemente, o Prefeito recebeu do governo do estado duas ambul\u00e2ncias novinhas para o munic\u00edpio. Uma cena digna de aplausos, n\u00e3o \u00e9 mesmo? Mas, ao olhar mais de perto, percebemos que essa entrega \u00e9 apenas a cereja do bolo em uma festa que n\u00e3o resolve a verdadeira crise: a situa\u00e7\u00e3o do Hospital Regional de Itarantim. Enquanto a prefeito se prepara para celebrar a chegada dos novos ve\u00edculos, o hospital continua a ser um retrato de descaso. A popula\u00e7\u00e3o, em un\u00edssono, reclama \u2014 e com raz\u00e3o. Como \u00e9 poss\u00edvel que um governo que se intitula &#8220;cuidar de gente&#8221; e &#8220;humanizado&#8221; n\u00e3o busque [&hellip;]<\/p>\n","protected":false},"author":4,"featured_media":177982,"comment_status":"open","ping_status":"open","sticky":false,"template":"","format":"standard","meta":[],"categories":[308],"tags":[],"_links":{"self":[{"href":"https:\/\/www.cronicasdeitarantim.com.br\/v1\/wp-json\/wp\/v2\/posts\/177981"}],"collection":[{"href":"https:\/\/www.cronicasdeitarantim.com.br\/v1\/wp-json\/wp\/v2\/posts"}],"about":[{"href":"https:\/\/www.cronicasdeitarantim.com.br\/v1\/wp-json\/wp\/v2\/types\/post"}],"author":[{"embeddable":true,"href":"https:\/\/www.cronicasdeitarantim.com.br\/v1\/wp-json\/wp\/v2\/users\/4"}],"replies":[{"embeddable":true,"href":"https:\/\/www.cronicasdeitarantim.com.br\/v1\/wp-json\/wp\/v2\/comments?post=177981"}],"version-history":[{"count":2,"href":"https:\/\/www.cronicasdeitarantim.com.br\/v1\/wp-json\/wp\/v2\/posts\/177981\/revisions"}],"predecessor-version":[{"id":177984,"href":"https:\/\/www.cronicasdeitarantim.com.br\/v1\/wp-json\/wp\/v2\/posts\/177981\/revisions\/177984"}],"wp:featuredmedia":[{"embeddable":true,"href":"https:\/\/www.cronicasdeitarantim.com.br\/v1\/wp-json\/wp\/v2\/media\/177982"}],"wp:attachment":[{"href":"https:\/\/www.cronicasdeitarantim.com.br\/v1\/wp-json\/wp\/v2\/media?parent=177981"}],"wp:term":[{"taxonomy":"category","embeddable":true,"href":"https:\/\/www.cronicasdeitarantim.com.br\/v1\/wp-json\/wp\/v2\/categories?post=177981"},{"taxonomy":"post_tag","embeddable":true,"href":"https:\/\/www.cronicasdeitarantim.com.br\/v1\/wp-json\/wp\/v2\/tags?post=177981"}],"curies":[{"name":"wp","href":"https:\/\/api.w.org\/{rel}","templated":true}]}}