{"id":177924,"date":"2026-01-13T11:15:27","date_gmt":"2026-01-13T14:15:27","guid":{"rendered":"https:\/\/www.cronicasdeitarantim.com.br\/v1\/?p=177924"},"modified":"2026-01-13T12:10:42","modified_gmt":"2026-01-13T15:10:42","slug":"itapetinga-operacao-da-policia-civil-deflagra-esquema-milionario-de-lavagem-de-dinheiro","status":"publish","type":"post","link":"https:\/\/www.cronicasdeitarantim.com.br\/v1\/2026\/01\/13\/itapetinga-operacao-da-policia-civil-deflagra-esquema-milionario-de-lavagem-de-dinheiro\/","title":{"rendered":"Itapetinga: Opera\u00e7\u00e3o da Pol\u00edcia Civil deflagra esquema milion\u00e1rio de lavagem de dinheiro"},"content":{"rendered":"<p>A Pol\u00edcia Civil da Bahia, por meio da Delegacia Territorial de Itapetinga, com apoio do GATTI Pedra Branca, deflagrou, na manh\u00e3 desta ter\u00e7a-feira, 13 de janeiro, a Opera\u00e7\u00e3o \u00d4mega, destinada ao cumprimento de cinco mandados de busca e apreens\u00e3o, al\u00e9m de ordens judiciais de sequestro de bens, no \u00e2mbito de investiga\u00e7\u00e3o que apura crimes de furto qualificado, associa\u00e7\u00e3o criminosa e lavagem de dinheiro.<\/p>\n<p>A a\u00e7\u00e3o decorre do Inqu\u00e9rito Policial n\u00ba 61638\/2025, que revelou um esquema criminoso complexo respons\u00e1vel por causar preju\u00edzo superior a R$ 1.000.000,00 \u00e0 empresa \u00d4mega Distribuidora de Bebidas Eireli ao longo do ano de 2024. As apura\u00e7\u00f5es indicaram que o grupo era liderado por ex-funcion\u00e1rios que ocupavam cargos de confian\u00e7a, a exemplo de fun\u00e7\u00f5es de supervis\u00e3o comercial e faturamento.<\/p>\n<p>No curso das investiga\u00e7\u00f5es, foram identificadas movimenta\u00e7\u00f5es financeiras suspeitas que alcan\u00e7am aproximadamente R$ 5.000.000,00, tendo o Poder Judici\u00e1rio autorizado o bloqueio de valores em contas banc\u00e1rias dos investigados at\u00e9 o limite de R$ 6.000.000,00.<\/p>\n<p>Durante o cumprimento das medidas judiciais, foram apreendidos seis ve\u00edculos, sendo dois de luxo, avaliados em cerca de R$ 700.000,00; duas motocicletas, estimadas em R$ 50.000,00; aproximadamente R$ 45.000,00 em esp\u00e9cie; uma arma de fogo; e diversos aparelhos de telefonia m\u00f3vel. Tamb\u00e9m foi determinado o sequestro de cinco im\u00f3veis pertencentes aos investigados, incluindo o pr\u00e9dio onde funciona a empresa de um dos alvos, apontado como respons\u00e1vel pela recepta\u00e7\u00e3o de produtos desviados, al\u00e9m de dois cavalos de ra\u00e7a.<\/p>\n<p>A Justi\u00e7a ainda autorizou a aliena\u00e7\u00e3o antecipada dos bens apreendidos, com a finalidade de assegurar o ressarcimento do preju\u00edzo milion\u00e1rio suportado pela v\u00edtima.<\/p>\n<p>Uma pessoa foi presa em flagrante delito de posse ilegal de arma de fogo de uso permitido, sendo liberada ap\u00f3s pagamento de fian\u00e7a.<\/p>\n<p><a href=\"https:\/\/www.cronicasdeitarantim.com.br\/v1\/wp-content\/uploads\/2026\/01\/IMG-20260113-WA0174.jpeg\"><img decoding=\"async\" loading=\"lazy\" class=\"alignnone size-full wp-image-177929\" src=\"https:\/\/www.cronicasdeitarantim.com.br\/v1\/wp-content\/uploads\/2026\/01\/IMG-20260113-WA0174.jpeg\" alt=\"\" width=\"730\" height=\"411\" srcset=\"https:\/\/www.cronicasdeitarantim.com.br\/v1\/wp-content\/uploads\/2026\/01\/IMG-20260113-WA0174.jpeg 730w, https:\/\/www.cronicasdeitarantim.com.br\/v1\/wp-content\/uploads\/2026\/01\/IMG-20260113-WA0174-300x169.jpeg 300w, https:\/\/www.cronicasdeitarantim.com.br\/v1\/wp-content\/uploads\/2026\/01\/IMG-20260113-WA0174-400x225.jpeg 400w\" sizes=\"(max-width: 730px) 100vw, 730px\" \/><\/a> <a href=\"https:\/\/www.cronicasdeitarantim.com.br\/v1\/wp-content\/uploads\/2026\/01\/IMG-20260113-WA0179-2.jpeg\"><img decoding=\"async\" loading=\"lazy\" class=\"alignnone size-full wp-image-177930\" src=\"https:\/\/www.cronicasdeitarantim.com.br\/v1\/wp-content\/uploads\/2026\/01\/IMG-20260113-WA0179-2.jpeg\" alt=\"\" width=\"602\" height=\"800\" srcset=\"https:\/\/www.cronicasdeitarantim.com.br\/v1\/wp-content\/uploads\/2026\/01\/IMG-20260113-WA0179-2.jpeg 602w, https:\/\/www.cronicasdeitarantim.com.br\/v1\/wp-content\/uploads\/2026\/01\/IMG-20260113-WA0179-2-226x300.jpeg 226w, https:\/\/www.cronicasdeitarantim.com.br\/v1\/wp-content\/uploads\/2026\/01\/IMG-20260113-WA0179-2-400x532.jpeg 400w, https:\/\/www.cronicasdeitarantim.com.br\/v1\/wp-content\/uploads\/2026\/01\/IMG-20260113-WA0179-2-452x600.jpeg 452w\" sizes=\"(max-width: 602px) 100vw, 602px\" \/><\/a> <a href=\"https:\/\/www.cronicasdeitarantim.com.br\/v1\/wp-content\/uploads\/2026\/01\/IMG-20260113-WA0180.jpeg\"><img decoding=\"async\" loading=\"lazy\" class=\"alignnone size-full wp-image-177931\" src=\"https:\/\/www.cronicasdeitarantim.com.br\/v1\/wp-content\/uploads\/2026\/01\/IMG-20260113-WA0180.jpeg\" alt=\"\" width=\"600\" height=\"800\" srcset=\"https:\/\/www.cronicasdeitarantim.com.br\/v1\/wp-content\/uploads\/2026\/01\/IMG-20260113-WA0180.jpeg 600w, https:\/\/www.cronicasdeitarantim.com.br\/v1\/wp-content\/uploads\/2026\/01\/IMG-20260113-WA0180-225x300.jpeg 225w, https:\/\/www.cronicasdeitarantim.com.br\/v1\/wp-content\/uploads\/2026\/01\/IMG-20260113-WA0180-400x533.jpeg 400w, https:\/\/www.cronicasdeitarantim.com.br\/v1\/wp-content\/uploads\/2026\/01\/IMG-20260113-WA0180-450x600.jpeg 450w\" sizes=\"(max-width: 600px) 100vw, 600px\" \/><\/a> <a href=\"https:\/\/www.cronicasdeitarantim.com.br\/v1\/wp-content\/uploads\/2026\/01\/IMG-20260113-WA0175.jpeg\"><img decoding=\"async\" loading=\"lazy\" class=\"alignnone size-full wp-image-177928\" src=\"https:\/\/www.cronicasdeitarantim.com.br\/v1\/wp-content\/uploads\/2026\/01\/IMG-20260113-WA0175.jpeg\" alt=\"\" width=\"730\" height=\"411\" srcset=\"https:\/\/www.cronicasdeitarantim.com.br\/v1\/wp-content\/uploads\/2026\/01\/IMG-20260113-WA0175.jpeg 730w, https:\/\/www.cronicasdeitarantim.com.br\/v1\/wp-content\/uploads\/2026\/01\/IMG-20260113-WA0175-300x169.jpeg 300w, https:\/\/www.cronicasdeitarantim.com.br\/v1\/wp-content\/uploads\/2026\/01\/IMG-20260113-WA0175-400x225.jpeg 400w\" sizes=\"(max-width: 730px) 100vw, 730px\" \/><\/a> <a href=\"https:\/\/www.cronicasdeitarantim.com.br\/v1\/wp-content\/uploads\/2026\/01\/IMG-20260113-WA0177.jpeg\"><img decoding=\"async\" loading=\"lazy\" class=\"alignnone size-full wp-image-177927\" src=\"https:\/\/www.cronicasdeitarantim.com.br\/v1\/wp-content\/uploads\/2026\/01\/IMG-20260113-WA0177.jpeg\" alt=\"\" width=\"602\" height=\"800\" srcset=\"https:\/\/www.cronicasdeitarantim.com.br\/v1\/wp-content\/uploads\/2026\/01\/IMG-20260113-WA0177.jpeg 602w, https:\/\/www.cronicasdeitarantim.com.br\/v1\/wp-content\/uploads\/2026\/01\/IMG-20260113-WA0177-226x300.jpeg 226w, https:\/\/www.cronicasdeitarantim.com.br\/v1\/wp-content\/uploads\/2026\/01\/IMG-20260113-WA0177-400x532.jpeg 400w, https:\/\/www.cronicasdeitarantim.com.br\/v1\/wp-content\/uploads\/2026\/01\/IMG-20260113-WA0177-452x600.jpeg 452w\" sizes=\"(max-width: 602px) 100vw, 602px\" \/><\/a> <a href=\"https:\/\/www.cronicasdeitarantim.com.br\/v1\/wp-content\/uploads\/2026\/01\/IMG-20260113-WA0178.jpeg\"><img decoding=\"async\" loading=\"lazy\" class=\"alignnone size-full wp-image-177926\" src=\"https:\/\/www.cronicasdeitarantim.com.br\/v1\/wp-content\/uploads\/2026\/01\/IMG-20260113-WA0178.jpeg\" alt=\"\" width=\"602\" height=\"800\" srcset=\"https:\/\/www.cronicasdeitarantim.com.br\/v1\/wp-content\/uploads\/2026\/01\/IMG-20260113-WA0178.jpeg 602w, https:\/\/www.cronicasdeitarantim.com.br\/v1\/wp-content\/uploads\/2026\/01\/IMG-20260113-WA0178-226x300.jpeg 226w, https:\/\/www.cronicasdeitarantim.com.br\/v1\/wp-content\/uploads\/2026\/01\/IMG-20260113-WA0178-400x532.jpeg 400w, https:\/\/www.cronicasdeitarantim.com.br\/v1\/wp-content\/uploads\/2026\/01\/IMG-20260113-WA0178-452x600.jpeg 452w\" sizes=\"(max-width: 602px) 100vw, 602px\" \/><\/a> <a href=\"https:\/\/www.cronicasdeitarantim.com.br\/v1\/wp-content\/uploads\/2026\/01\/IMG-20260113-WA0172.jpeg\"><img decoding=\"async\" loading=\"lazy\" class=\"alignnone size-full wp-image-177925\" src=\"https:\/\/www.cronicasdeitarantim.com.br\/v1\/wp-content\/uploads\/2026\/01\/IMG-20260113-WA0172.jpeg\" alt=\"\" width=\"730\" height=\"411\" srcset=\"https:\/\/www.cronicasdeitarantim.com.br\/v1\/wp-content\/uploads\/2026\/01\/IMG-20260113-WA0172.jpeg 730w, https:\/\/www.cronicasdeitarantim.com.br\/v1\/wp-content\/uploads\/2026\/01\/IMG-20260113-WA0172-300x169.jpeg 300w, https:\/\/www.cronicasdeitarantim.com.br\/v1\/wp-content\/uploads\/2026\/01\/IMG-20260113-WA0172-400x225.jpeg 400w\" sizes=\"(max-width: 730px) 100vw, 730px\" \/><\/a><\/p>\n<p>Fonte: 21\u00aa Coorpin\/DT de Itapetinga<\/p>\n","protected":false},"excerpt":{"rendered":"<p>A Pol\u00edcia Civil da Bahia, por meio da Delegacia Territorial de Itapetinga, com apoio do GATTI Pedra Branca, deflagrou, na manh\u00e3 desta ter\u00e7a-feira, 13 de janeiro, a Opera\u00e7\u00e3o \u00d4mega, destinada ao cumprimento de cinco mandados de busca e apreens\u00e3o, al\u00e9m de ordens judiciais de sequestro de bens, no \u00e2mbito de investiga\u00e7\u00e3o que apura crimes de furto qualificado, associa\u00e7\u00e3o criminosa e lavagem de dinheiro. A a\u00e7\u00e3o decorre do Inqu\u00e9rito Policial n\u00ba 61638\/2025, que revelou um esquema criminoso complexo respons\u00e1vel por causar preju\u00edzo superior a R$ 1.000.000,00 \u00e0 empresa \u00d4mega Distribuidora de Bebidas Eireli ao longo do ano de 2024. As apura\u00e7\u00f5es [&hellip;]<\/p>\n","protected":false},"author":4,"featured_media":177929,"comment_status":"open","ping_status":"open","sticky":false,"template":"","format":"standard","meta":[],"categories":[306],"tags":[],"_links":{"self":[{"href":"https:\/\/www.cronicasdeitarantim.com.br\/v1\/wp-json\/wp\/v2\/posts\/177924"}],"collection":[{"href":"https:\/\/www.cronicasdeitarantim.com.br\/v1\/wp-json\/wp\/v2\/posts"}],"about":[{"href":"https:\/\/www.cronicasdeitarantim.com.br\/v1\/wp-json\/wp\/v2\/types\/post"}],"author":[{"embeddable":true,"href":"https:\/\/www.cronicasdeitarantim.com.br\/v1\/wp-json\/wp\/v2\/users\/4"}],"replies":[{"embeddable":true,"href":"https:\/\/www.cronicasdeitarantim.com.br\/v1\/wp-json\/wp\/v2\/comments?post=177924"}],"version-history":[{"count":3,"href":"https:\/\/www.cronicasdeitarantim.com.br\/v1\/wp-json\/wp\/v2\/posts\/177924\/revisions"}],"predecessor-version":[{"id":177934,"href":"https:\/\/www.cronicasdeitarantim.com.br\/v1\/wp-json\/wp\/v2\/posts\/177924\/revisions\/177934"}],"wp:featuredmedia":[{"embeddable":true,"href":"https:\/\/www.cronicasdeitarantim.com.br\/v1\/wp-json\/wp\/v2\/media\/177929"}],"wp:attachment":[{"href":"https:\/\/www.cronicasdeitarantim.com.br\/v1\/wp-json\/wp\/v2\/media?parent=177924"}],"wp:term":[{"taxonomy":"category","embeddable":true,"href":"https:\/\/www.cronicasdeitarantim.com.br\/v1\/wp-json\/wp\/v2\/categories?post=177924"},{"taxonomy":"post_tag","embeddable":true,"href":"https:\/\/www.cronicasdeitarantim.com.br\/v1\/wp-json\/wp\/v2\/tags?post=177924"}],"curies":[{"name":"wp","href":"https:\/\/api.w.org\/{rel}","templated":true}]}}