{"id":177899,"date":"2026-01-10T12:58:53","date_gmt":"2026-01-10T15:58:53","guid":{"rendered":"https:\/\/www.cronicasdeitarantim.com.br\/v1\/?p=177899"},"modified":"2026-01-10T12:58:53","modified_gmt":"2026-01-10T15:58:53","slug":"esporte-campeonato-baiano-comeca-neste-sabado-com-destaques-para-times-da-regiao","status":"publish","type":"post","link":"https:\/\/www.cronicasdeitarantim.com.br\/v1\/2026\/01\/10\/esporte-campeonato-baiano-comeca-neste-sabado-com-destaques-para-times-da-regiao\/","title":{"rendered":"Esporte: Campeonato Baiano come\u00e7a neste s\u00e1bado com destaques para times da regi\u00e3o"},"content":{"rendered":"<h4>O Campeonato Baiano de Futebol dar\u00e1 in\u00edcio neste s\u00e1bado, 10 de janeiro, a maior competi\u00e7\u00e3o do estado ter\u00e1 dez clubes, os dois grandes da capital Salvador junto com o Gal\u00edcia que retorna depois de muito ao campeonato e sete times do interior que ir\u00e3o brigar pelo t\u00edtulo deste ano.<\/h4>\n<h4>Os destaques ficam por conta dos times da nossa regi\u00e3o, sul e sudoeste, como Porto de Porto Seguro, Barcelona de Ilh\u00e9us e o Jequi\u00e9 que ir\u00e3o representar as duas regi\u00f5es.<\/h4>\n<h4>Os jogos t\u00eam in\u00edcio hoje \u00e0s 16 horas, com Vit\u00f3ria e Atl\u00e9tico de Alagoinhas no Barrad\u00e3o e Porto e Jacuipense \u00e0s 18:30 no est\u00e1dio Agnaldo Bento em Porto Seguro.<\/h4>\n<h4>J\u00e1 neste domingo, 11 de janeiro \u00e9 a vez da estreia do maior campe\u00e3o do certame, o Bahia, que joga contra o Jequi\u00e9 na Arena Fonte Nova \u00e0s 16 horas. \u00c0s 18:30 \u00e9 a vez do Juazeirense e Bahia de Feira e \u00e0s 21 horas Barcelona de Ilh\u00e9us e Gal\u00edcia que fecha a primeira rodada.<\/h4>\n","protected":false},"excerpt":{"rendered":"<p>O Campeonato Baiano de Futebol dar\u00e1 in\u00edcio neste s\u00e1bado, 10 de janeiro, a maior competi\u00e7\u00e3o do estado ter\u00e1 dez clubes, os dois grandes da capital Salvador junto com o Gal\u00edcia que retorna depois de muito ao campeonato e sete times do interior que ir\u00e3o brigar pelo t\u00edtulo deste ano. Os destaques ficam por conta dos times da nossa regi\u00e3o, sul e sudoeste, como Porto de Porto Seguro, Barcelona de Ilh\u00e9us e o Jequi\u00e9 que ir\u00e3o representar as duas regi\u00f5es. Os jogos t\u00eam in\u00edcio hoje \u00e0s 16 horas, com Vit\u00f3ria e Atl\u00e9tico de Alagoinhas no Barrad\u00e3o e Porto e Jacuipense \u00e0s [&hellip;]<\/p>\n","protected":false},"author":4,"featured_media":177900,"comment_status":"open","ping_status":"open","sticky":false,"template":"","format":"standard","meta":[],"categories":[299],"tags":[],"_links":{"self":[{"href":"https:\/\/www.cronicasdeitarantim.com.br\/v1\/wp-json\/wp\/v2\/posts\/177899"}],"collection":[{"href":"https:\/\/www.cronicasdeitarantim.com.br\/v1\/wp-json\/wp\/v2\/posts"}],"about":[{"href":"https:\/\/www.cronicasdeitarantim.com.br\/v1\/wp-json\/wp\/v2\/types\/post"}],"author":[{"embeddable":true,"href":"https:\/\/www.cronicasdeitarantim.com.br\/v1\/wp-json\/wp\/v2\/users\/4"}],"replies":[{"embeddable":true,"href":"https:\/\/www.cronicasdeitarantim.com.br\/v1\/wp-json\/wp\/v2\/comments?post=177899"}],"version-history":[{"count":1,"href":"https:\/\/www.cronicasdeitarantim.com.br\/v1\/wp-json\/wp\/v2\/posts\/177899\/revisions"}],"predecessor-version":[{"id":177901,"href":"https:\/\/www.cronicasdeitarantim.com.br\/v1\/wp-json\/wp\/v2\/posts\/177899\/revisions\/177901"}],"wp:featuredmedia":[{"embeddable":true,"href":"https:\/\/www.cronicasdeitarantim.com.br\/v1\/wp-json\/wp\/v2\/media\/177900"}],"wp:attachment":[{"href":"https:\/\/www.cronicasdeitarantim.com.br\/v1\/wp-json\/wp\/v2\/media?parent=177899"}],"wp:term":[{"taxonomy":"category","embeddable":true,"href":"https:\/\/www.cronicasdeitarantim.com.br\/v1\/wp-json\/wp\/v2\/categories?post=177899"},{"taxonomy":"post_tag","embeddable":true,"href":"https:\/\/www.cronicasdeitarantim.com.br\/v1\/wp-json\/wp\/v2\/tags?post=177899"}],"curies":[{"name":"wp","href":"https:\/\/api.w.org\/{rel}","templated":true}]}}