{"id":177884,"date":"2026-01-09T15:14:45","date_gmt":"2026-01-09T18:14:45","guid":{"rendered":"https:\/\/www.cronicasdeitarantim.com.br\/v1\/?p=177884"},"modified":"2026-01-09T15:23:54","modified_gmt":"2026-01-09T18:23:54","slug":"arbitro-da-fbf-fabio-henrique-e-eleito-presidente-da-liga-de-itubera-no-baixo-sul-da-bahia","status":"publish","type":"post","link":"https:\/\/www.cronicasdeitarantim.com.br\/v1\/2026\/01\/09\/arbitro-da-fbf-fabio-henrique-e-eleito-presidente-da-liga-de-itubera-no-baixo-sul-da-bahia\/","title":{"rendered":"\u00c1rbitro da FBF F\u00e1bio Henrique \u00e9 eleito presidente da Liga de Ituber\u00e1 no baixo sul da Bahia"},"content":{"rendered":"<p>A Liga de Ituber\u00e1, Liga Ituberaense de Desportos Terrestres (LIDT) elegeu nesta quinta-feira, 08 de janeiro, sua nova diretoria para o quadri\u00eanio 2026\u20132030.<\/p>\n<p>O \u00e1rbitro do quadro da Federa\u00e7\u00e3o Bahiana de Futebol (FBF), F\u00e1bio Henrique Oliveira Nascimento, conhecido como Binho do Esporte, foi escolhido como novo presidente da entidade, por aclama\u00e7\u00e3o.<\/p>\n<p>A elei\u00e7\u00e3o ocorreu durante a Assembleia Geral Ordin\u00e1ria realizada na sede do Sport Clube Santa Cruz, no centro de Ituber\u00e1.<\/p>\n<p>A chapa \u201cUNIDOS PELO FUTEBOL \u2013 Trabalho, Transpar\u00eancia e Evolu\u00e7\u00e3o\u201d foi a \u00fanica inscrita dentro do prazo estabelecido no edital (15 a 22 de dezembro) e obteve a maioria dos votos entre os nove clubes presentes \u2014 dos 16 filiados aptos a participar.<\/p>\n<p>O processo seguiu as tr\u00eas convoca\u00e7\u00f5es previstas: \u00e0s 19h, 19h30 e 20h. Por se tratar de chapa \u00fanica, a elei\u00e7\u00e3o foi decidida por aclama\u00e7\u00e3o.<\/p>\n<p><strong>A composi\u00e7\u00e3o da nova diretoria ficou assim:<\/strong><\/p>\n<p><strong>Diretoria Executiva<\/strong><\/p>\n<p>Presidente: F\u00e1bio Henrique Oliveira Nascimento<br \/>\n1\u00ba Vice-presidente: Herval Bastos Reis<br \/>\n2\u00ba Vice-presidente: Jorge Lu\u00eds Quaresma Nascimento<\/p>\n<p><strong>Conselho Fiscal \u2013 Efetivos<\/strong><\/p>\n<p>Irismar Alves dos Santos<br \/>\nKaique Soares de Andrade<br \/>\nRonaldo Jos\u00e9 dos Santos J\u00fanior<\/p>\n<p><strong>Conselho Fiscal \u2013 Suplentes<\/strong><\/p>\n<p>Sonivaldo de Jesus<br \/>\nJos\u00e9 Benedito Ribeiro de Magalh\u00e3es<br \/>\n\u00c1lvaro Ribeiro Xavier<\/p>\n<p>A nova gest\u00e3o assume com o compromisso de promover o desenvolvimento do futebol local, fortalecer a transpar\u00eancia administrativa e modernizar a gest\u00e3o esportiva em Ituber\u00e1 nos pr\u00f3ximos quatro anos. A elei\u00e7\u00e3o marca um novo cap\u00edtulo na hist\u00f3ria da LIDT, que busca renovar sua atua\u00e7\u00e3o no cen\u00e1rio esportivo municipal e regional.<\/p>\n<p>Para nossa reda\u00e7\u00e3o, o novo presidente da Liga, nos informou que ir\u00e1 fazer um planejamento de algumas competi\u00e7\u00f5es do munic\u00edpio que a Liga \u00e9 respons\u00e1vel. Ele ainda informou que posteriormente ir\u00e1 dialogar com o gestor da cidade para dialogar sobre o projeto da sele\u00e7\u00e3o de Ituber\u00e1 voltar a competi\u00e7\u00e3o amadora de sele\u00e7\u00f5es mais importante da Bahia, o campeonato intermunicipal. No entanto, o objetivo agora \u00e9 arrumar a casa.<\/p>\n<p><a href=\"https:\/\/www.cronicasdeitarantim.com.br\/v1\/wp-content\/uploads\/2026\/01\/IMG-20260109-WA0616.jpeg\"><img decoding=\"async\" loading=\"lazy\" class=\"alignnone size-full wp-image-177888\" src=\"https:\/\/www.cronicasdeitarantim.com.br\/v1\/wp-content\/uploads\/2026\/01\/IMG-20260109-WA0616.jpeg\" alt=\"\" width=\"600\" height=\"800\" srcset=\"https:\/\/www.cronicasdeitarantim.com.br\/v1\/wp-content\/uploads\/2026\/01\/IMG-20260109-WA0616.jpeg 600w, https:\/\/www.cronicasdeitarantim.com.br\/v1\/wp-content\/uploads\/2026\/01\/IMG-20260109-WA0616-225x300.jpeg 225w, https:\/\/www.cronicasdeitarantim.com.br\/v1\/wp-content\/uploads\/2026\/01\/IMG-20260109-WA0616-400x533.jpeg 400w, https:\/\/www.cronicasdeitarantim.com.br\/v1\/wp-content\/uploads\/2026\/01\/IMG-20260109-WA0616-450x600.jpeg 450w\" sizes=\"(max-width: 600px) 100vw, 600px\" \/><\/a><\/p>\n<p><a href=\"https:\/\/www.cronicasdeitarantim.com.br\/v1\/wp-content\/uploads\/2026\/01\/IMG-20260109-WA0617.jpeg\"><img decoding=\"async\" loading=\"lazy\" class=\"alignnone size-full wp-image-177889\" src=\"https:\/\/www.cronicasdeitarantim.com.br\/v1\/wp-content\/uploads\/2026\/01\/IMG-20260109-WA0617.jpeg\" alt=\"\" width=\"600\" height=\"800\" srcset=\"https:\/\/www.cronicasdeitarantim.com.br\/v1\/wp-content\/uploads\/2026\/01\/IMG-20260109-WA0617.jpeg 600w, https:\/\/www.cronicasdeitarantim.com.br\/v1\/wp-content\/uploads\/2026\/01\/IMG-20260109-WA0617-225x300.jpeg 225w, https:\/\/www.cronicasdeitarantim.com.br\/v1\/wp-content\/uploads\/2026\/01\/IMG-20260109-WA0617-400x533.jpeg 400w, https:\/\/www.cronicasdeitarantim.com.br\/v1\/wp-content\/uploads\/2026\/01\/IMG-20260109-WA0617-450x600.jpeg 450w\" sizes=\"(max-width: 600px) 100vw, 600px\" \/><\/a><\/p>\n<p><a href=\"https:\/\/www.cronicasdeitarantim.com.br\/v1\/wp-content\/uploads\/2026\/01\/IMG-20260109-WA0618.jpeg\"><img decoding=\"async\" loading=\"lazy\" class=\"alignnone size-full wp-image-177890\" src=\"https:\/\/www.cronicasdeitarantim.com.br\/v1\/wp-content\/uploads\/2026\/01\/IMG-20260109-WA0618.jpeg\" alt=\"\" width=\"600\" height=\"800\" srcset=\"https:\/\/www.cronicasdeitarantim.com.br\/v1\/wp-content\/uploads\/2026\/01\/IMG-20260109-WA0618.jpeg 600w, https:\/\/www.cronicasdeitarantim.com.br\/v1\/wp-content\/uploads\/2026\/01\/IMG-20260109-WA0618-225x300.jpeg 225w, https:\/\/www.cronicasdeitarantim.com.br\/v1\/wp-content\/uploads\/2026\/01\/IMG-20260109-WA0618-400x533.jpeg 400w, https:\/\/www.cronicasdeitarantim.com.br\/v1\/wp-content\/uploads\/2026\/01\/IMG-20260109-WA0618-450x600.jpeg 450w\" sizes=\"(max-width: 600px) 100vw, 600px\" \/><\/a><\/p>\n<p><a href=\"https:\/\/www.cronicasdeitarantim.com.br\/v1\/wp-content\/uploads\/2026\/01\/IMG-20260109-WA0615.jpeg\"><img decoding=\"async\" loading=\"lazy\" class=\"alignnone size-full wp-image-177891\" src=\"https:\/\/www.cronicasdeitarantim.com.br\/v1\/wp-content\/uploads\/2026\/01\/IMG-20260109-WA0615.jpeg\" alt=\"\" width=\"600\" height=\"800\" srcset=\"https:\/\/www.cronicasdeitarantim.com.br\/v1\/wp-content\/uploads\/2026\/01\/IMG-20260109-WA0615.jpeg 600w, https:\/\/www.cronicasdeitarantim.com.br\/v1\/wp-content\/uploads\/2026\/01\/IMG-20260109-WA0615-225x300.jpeg 225w, https:\/\/www.cronicasdeitarantim.com.br\/v1\/wp-content\/uploads\/2026\/01\/IMG-20260109-WA0615-400x533.jpeg 400w, https:\/\/www.cronicasdeitarantim.com.br\/v1\/wp-content\/uploads\/2026\/01\/IMG-20260109-WA0615-450x600.jpeg 450w\" sizes=\"(max-width: 600px) 100vw, 600px\" \/><\/a><\/p>\n<p>&nbsp;<\/p>\n","protected":false},"excerpt":{"rendered":"<p>A Liga de Ituber\u00e1, Liga Ituberaense de Desportos Terrestres (LIDT) elegeu nesta quinta-feira, 08 de janeiro, sua nova diretoria para o quadri\u00eanio 2026\u20132030. O \u00e1rbitro do quadro da Federa\u00e7\u00e3o Bahiana de Futebol (FBF), F\u00e1bio Henrique Oliveira Nascimento, conhecido como Binho do Esporte, foi escolhido como novo presidente da entidade, por aclama\u00e7\u00e3o. A elei\u00e7\u00e3o ocorreu durante a Assembleia Geral Ordin\u00e1ria realizada na sede do Sport Clube Santa Cruz, no centro de Ituber\u00e1. A chapa \u201cUNIDOS PELO FUTEBOL \u2013 Trabalho, Transpar\u00eancia e Evolu\u00e7\u00e3o\u201d foi a \u00fanica inscrita dentro do prazo estabelecido no edital (15 a 22 de dezembro) e obteve a maioria [&hellip;]<\/p>\n","protected":false},"author":4,"featured_media":177885,"comment_status":"open","ping_status":"open","sticky":false,"template":"","format":"standard","meta":[],"categories":[299],"tags":[],"_links":{"self":[{"href":"https:\/\/www.cronicasdeitarantim.com.br\/v1\/wp-json\/wp\/v2\/posts\/177884"}],"collection":[{"href":"https:\/\/www.cronicasdeitarantim.com.br\/v1\/wp-json\/wp\/v2\/posts"}],"about":[{"href":"https:\/\/www.cronicasdeitarantim.com.br\/v1\/wp-json\/wp\/v2\/types\/post"}],"author":[{"embeddable":true,"href":"https:\/\/www.cronicasdeitarantim.com.br\/v1\/wp-json\/wp\/v2\/users\/4"}],"replies":[{"embeddable":true,"href":"https:\/\/www.cronicasdeitarantim.com.br\/v1\/wp-json\/wp\/v2\/comments?post=177884"}],"version-history":[{"count":3,"href":"https:\/\/www.cronicasdeitarantim.com.br\/v1\/wp-json\/wp\/v2\/posts\/177884\/revisions"}],"predecessor-version":[{"id":177892,"href":"https:\/\/www.cronicasdeitarantim.com.br\/v1\/wp-json\/wp\/v2\/posts\/177884\/revisions\/177892"}],"wp:featuredmedia":[{"embeddable":true,"href":"https:\/\/www.cronicasdeitarantim.com.br\/v1\/wp-json\/wp\/v2\/media\/177885"}],"wp:attachment":[{"href":"https:\/\/www.cronicasdeitarantim.com.br\/v1\/wp-json\/wp\/v2\/media?parent=177884"}],"wp:term":[{"taxonomy":"category","embeddable":true,"href":"https:\/\/www.cronicasdeitarantim.com.br\/v1\/wp-json\/wp\/v2\/categories?post=177884"},{"taxonomy":"post_tag","embeddable":true,"href":"https:\/\/www.cronicasdeitarantim.com.br\/v1\/wp-json\/wp\/v2\/tags?post=177884"}],"curies":[{"name":"wp","href":"https:\/\/api.w.org\/{rel}","templated":true}]}}