{"id":177722,"date":"2025-12-29T11:43:48","date_gmt":"2025-12-29T14:43:48","guid":{"rendered":"https:\/\/www.cronicasdeitarantim.com.br\/v1\/?p=177722"},"modified":"2025-12-29T11:43:48","modified_gmt":"2025-12-29T14:43:48","slug":"grave-acidente-que-deixou-11-mortos-de-duas-familias-na-divisa-da-bahia-com-espirito-santo-foram-identificadas","status":"publish","type":"post","link":"https:\/\/www.cronicasdeitarantim.com.br\/v1\/2025\/12\/29\/grave-acidente-que-deixou-11-mortos-de-duas-familias-na-divisa-da-bahia-com-espirito-santo-foram-identificadas\/","title":{"rendered":"Grave acidente que deixou 11 mortos de duas fam\u00edlias na divisa da Bahia com Esp\u00edrito Santo foram identificadas"},"content":{"rendered":"<article id=\"post-245593\" class=\"post-245593 post type-post status-publish format-standard hentry category-noticias\">\n<div class=\"container-post\">\n<div class=\"entry-content\">\n<h4>Os 11 mortos na colis\u00e3o que ocorreu entre dois carros no \u00faltimo s\u00e1bado, 27 de dezembro, na BR-101, eram membros de duas fam\u00edlias. O acidente foi registrado no trecho de Mucuri, no extremo sul baiano. A \u00e1rea fica pr\u00f3xima \u00e0 divisa da Bahia com o Esp\u00edrito Santo.<\/h4>\n<h4>Entre as v\u00edtimas, tr\u00eas eram naturais de Linhares (ES). Elas estavam em uma caminhonete S10 e seguiam na via sentido Teixeira de Freitas (BA).<\/h4>\n<h4>As outras oito pessoas ocupavam o segundo ve\u00edculo, uma minivan, e trafegavam na via sentido Vit\u00f3ria (ES). De acordo com a Prefeitura de Mucuri, elas moravam na cidade, no distrito de Itabat\u00e3.<\/h4>\n<h4>A TV Santa Cruz apurou que o grupo seguia com destino \u00e0 praia Costa Dourada, no litoral sul do munic\u00edpio, onde pretendia curtir o R\u00e9veillon.<\/h4>\n<\/div>\n<footer class=\"entry-footer\"><\/footer>\n<\/div>\n<\/article>\n<div class=\"my-2\"><\/div>\n<article id=\"post-245590\" class=\"post-245590 post type-post status-publish format-standard hentry category-noticias\">\n<div class=\"container-post\"><\/div>\n<\/article>\n","protected":false},"excerpt":{"rendered":"<p>Os 11 mortos na colis\u00e3o que ocorreu entre dois carros no \u00faltimo s\u00e1bado, 27 de dezembro, na BR-101, eram membros de duas fam\u00edlias. O acidente foi registrado no trecho de Mucuri, no extremo sul baiano. A \u00e1rea fica pr\u00f3xima \u00e0 divisa da Bahia com o Esp\u00edrito Santo. Entre as v\u00edtimas, tr\u00eas eram naturais de Linhares (ES). Elas estavam em uma caminhonete S10 e seguiam na via sentido Teixeira de Freitas (BA). As outras oito pessoas ocupavam o segundo ve\u00edculo, uma minivan, e trafegavam na via sentido Vit\u00f3ria (ES). De acordo com a Prefeitura de Mucuri, elas moravam na cidade, no [&hellip;]<\/p>\n","protected":false},"author":4,"featured_media":177723,"comment_status":"open","ping_status":"open","sticky":false,"template":"","format":"standard","meta":[],"categories":[295],"tags":[],"_links":{"self":[{"href":"https:\/\/www.cronicasdeitarantim.com.br\/v1\/wp-json\/wp\/v2\/posts\/177722"}],"collection":[{"href":"https:\/\/www.cronicasdeitarantim.com.br\/v1\/wp-json\/wp\/v2\/posts"}],"about":[{"href":"https:\/\/www.cronicasdeitarantim.com.br\/v1\/wp-json\/wp\/v2\/types\/post"}],"author":[{"embeddable":true,"href":"https:\/\/www.cronicasdeitarantim.com.br\/v1\/wp-json\/wp\/v2\/users\/4"}],"replies":[{"embeddable":true,"href":"https:\/\/www.cronicasdeitarantim.com.br\/v1\/wp-json\/wp\/v2\/comments?post=177722"}],"version-history":[{"count":1,"href":"https:\/\/www.cronicasdeitarantim.com.br\/v1\/wp-json\/wp\/v2\/posts\/177722\/revisions"}],"predecessor-version":[{"id":177724,"href":"https:\/\/www.cronicasdeitarantim.com.br\/v1\/wp-json\/wp\/v2\/posts\/177722\/revisions\/177724"}],"wp:featuredmedia":[{"embeddable":true,"href":"https:\/\/www.cronicasdeitarantim.com.br\/v1\/wp-json\/wp\/v2\/media\/177723"}],"wp:attachment":[{"href":"https:\/\/www.cronicasdeitarantim.com.br\/v1\/wp-json\/wp\/v2\/media?parent=177722"}],"wp:term":[{"taxonomy":"category","embeddable":true,"href":"https:\/\/www.cronicasdeitarantim.com.br\/v1\/wp-json\/wp\/v2\/categories?post=177722"},{"taxonomy":"post_tag","embeddable":true,"href":"https:\/\/www.cronicasdeitarantim.com.br\/v1\/wp-json\/wp\/v2\/tags?post=177722"}],"curies":[{"name":"wp","href":"https:\/\/api.w.org\/{rel}","templated":true}]}}