{"id":177697,"date":"2025-12-27T13:52:59","date_gmt":"2025-12-27T16:52:59","guid":{"rendered":"https:\/\/www.cronicasdeitarantim.com.br\/v1\/?p=177697"},"modified":"2025-12-27T13:52:59","modified_gmt":"2025-12-27T16:52:59","slug":"governador-jeronimo-decreta-luto-de-tres-dias-pela-morte-de-mae-carmen-do-gantois","status":"publish","type":"post","link":"https:\/\/www.cronicasdeitarantim.com.br\/v1\/2025\/12\/27\/governador-jeronimo-decreta-luto-de-tres-dias-pela-morte-de-mae-carmen-do-gantois\/","title":{"rendered":"Governador Jer\u00f4nimo decreta luto de tr\u00eas dias pela morte de M\u00e3e Carmen do Gantois"},"content":{"rendered":"<div class=\"styles__Body-sc-1ffquwr-7 ePhtZb\">\n<h4>O governador Jer\u00f4nimo Rodrigues (PT) decretou luto de tr\u00eas dias pela morte de M\u00e3e Carmen de Oxal\u00e1, Ialorix\u00e1 do Terreiro do Gantois, um dos mais tradicionais do pa\u00eds, em Salvador. O decreto foi publicado em edi\u00e7\u00e3o extra do Di\u00e1rio Oficial do Estado (DOE) desta sexta-feira (26) e expressa solidariedade \u00e0 comunidade religiosa.<\/h4>\n<h4>&#8220;Sua condu\u00e7\u00e3o do Terreiro do Gantois, um dos mais tradicionais do nosso estado, representa um pilar para o fortalecimento das religiosidades de matriz africana\u201d, disse o governador. Ele esteve no terreiro nesta sexta-feira para se despedir da l\u00edder religiosa.<\/h4>\n<h4>&#8220;Lideran\u00e7a espiritual e guardi\u00e3 de uma tradi\u00e7\u00e3o ancestral, M\u00e3e Carmen deixa um legado que integra a forma\u00e7\u00e3o da identidade religiosa e cultural baiana. Sua trajet\u00f3ria ser\u00e1 eternizada na f\u00e9 e na hist\u00f3ria da Bahia&#8221;, destacou o Executivo.<\/h4>\n<h4>M\u00e3e Carmen, filha mais nova de M\u00e3e Menininha do Gantois, tinha 98 anos e morreu no Hospital Portugu\u00eas, em Salvador, ap\u00f3s complica\u00e7\u00f5es de uma gripe. Sua morte encerra um ciclo hist\u00f3rico, mas seu legado espiritual e cultural permanece vivo na mem\u00f3ria da comunidade e da tradi\u00e7\u00e3o do Candombl\u00e9.<\/h4>\n<\/div>\n","protected":false},"excerpt":{"rendered":"<p>O governador Jer\u00f4nimo Rodrigues (PT) decretou luto de tr\u00eas dias pela morte de M\u00e3e Carmen de Oxal\u00e1, Ialorix\u00e1 do Terreiro do Gantois, um dos mais tradicionais do pa\u00eds, em Salvador. O decreto foi publicado em edi\u00e7\u00e3o extra do Di\u00e1rio Oficial do Estado (DOE) desta sexta-feira (26) e expressa solidariedade \u00e0 comunidade religiosa. &#8220;Sua condu\u00e7\u00e3o do Terreiro do Gantois, um dos mais tradicionais do nosso estado, representa um pilar para o fortalecimento das religiosidades de matriz africana\u201d, disse o governador. Ele esteve no terreiro nesta sexta-feira para se despedir da l\u00edder religiosa. &#8220;Lideran\u00e7a espiritual e guardi\u00e3 de uma tradi\u00e7\u00e3o ancestral, M\u00e3e [&hellip;]<\/p>\n","protected":false},"author":4,"featured_media":177698,"comment_status":"open","ping_status":"open","sticky":false,"template":"","format":"standard","meta":[],"categories":[295],"tags":[],"_links":{"self":[{"href":"https:\/\/www.cronicasdeitarantim.com.br\/v1\/wp-json\/wp\/v2\/posts\/177697"}],"collection":[{"href":"https:\/\/www.cronicasdeitarantim.com.br\/v1\/wp-json\/wp\/v2\/posts"}],"about":[{"href":"https:\/\/www.cronicasdeitarantim.com.br\/v1\/wp-json\/wp\/v2\/types\/post"}],"author":[{"embeddable":true,"href":"https:\/\/www.cronicasdeitarantim.com.br\/v1\/wp-json\/wp\/v2\/users\/4"}],"replies":[{"embeddable":true,"href":"https:\/\/www.cronicasdeitarantim.com.br\/v1\/wp-json\/wp\/v2\/comments?post=177697"}],"version-history":[{"count":1,"href":"https:\/\/www.cronicasdeitarantim.com.br\/v1\/wp-json\/wp\/v2\/posts\/177697\/revisions"}],"predecessor-version":[{"id":177699,"href":"https:\/\/www.cronicasdeitarantim.com.br\/v1\/wp-json\/wp\/v2\/posts\/177697\/revisions\/177699"}],"wp:featuredmedia":[{"embeddable":true,"href":"https:\/\/www.cronicasdeitarantim.com.br\/v1\/wp-json\/wp\/v2\/media\/177698"}],"wp:attachment":[{"href":"https:\/\/www.cronicasdeitarantim.com.br\/v1\/wp-json\/wp\/v2\/media?parent=177697"}],"wp:term":[{"taxonomy":"category","embeddable":true,"href":"https:\/\/www.cronicasdeitarantim.com.br\/v1\/wp-json\/wp\/v2\/categories?post=177697"},{"taxonomy":"post_tag","embeddable":true,"href":"https:\/\/www.cronicasdeitarantim.com.br\/v1\/wp-json\/wp\/v2\/tags?post=177697"}],"curies":[{"name":"wp","href":"https:\/\/api.w.org\/{rel}","templated":true}]}}