{"id":177692,"date":"2025-12-26T21:56:32","date_gmt":"2025-12-27T00:56:32","guid":{"rendered":"https:\/\/www.cronicasdeitarantim.com.br\/v1\/?p=177692"},"modified":"2025-12-26T21:57:59","modified_gmt":"2025-12-27T00:57:59","slug":"fogo-no-parquinho-o-grande-combate-de-natal-e-as-redes-sociais-que-nao-perdoaram-o-prefeito-de-itarantim","status":"publish","type":"post","link":"https:\/\/www.cronicasdeitarantim.com.br\/v1\/2025\/12\/26\/fogo-no-parquinho-o-grande-combate-de-natal-e-as-redes-sociais-que-nao-perdoaram-o-prefeito-de-itarantim\/","title":{"rendered":"Fogo no Parquinho: O grande combate de Natal e as redes sociais que n\u00e3o perdoaram o prefeito de Itarantim"},"content":{"rendered":"<p>A Coluna Fogo no Parquinho desta sexta-feira, 26 de dezembro t\u00e1 em clima natalino.<\/p>\n<p>Ah, a magia do Natal, onde todos se re\u00fanem em paz\u2026 exceto, claro, o nosso querido prefeito F\u00e1bio Gusm\u00e3o, que decidiu que a melhor forma de celebrar era levar um soco de um tal de Nego de Ernesto.<\/p>\n<p>(Ali\u00e1s, j\u00e1 \u00e9 o segundo, Nego j\u00e1 \u00e9 dono do cintur\u00e3o).<\/p>\n<p>Porque, quem n\u00e3o gostaria de um pouco de \u201cboxing\u201d em uma das principais pra\u00e7a da cidade, n\u00e3o \u00e9 mesmo?<\/p>\n<p>A imagem que agora estampa os grupos de WhatsApp, onde Nego \u00e9 ovacionado como o campe\u00e3o da luta, \u00e9 um verdadeiro cart\u00e3o-postal da cidade.<\/p>\n<p>E quem precisa de um Papai Noel quando temos um prefeito que j\u00e1 coleciona confus\u00f5es como trof\u00e9us?<\/p>\n<p>Vale lembrar que esse n\u00e3o \u00e9 um evento isolado. O prefeito e Nego j\u00e1 t\u00eam um hist\u00f3rico de &#8220;discuss\u00f5es acaloradas e at\u00e9 mesmo beijos&#8221;.<\/p>\n<p>Parece que o prefeito realmente tem um talento especial para atrair confus\u00f5es, como se fosse um im\u00e3 para problemas.<\/p>\n<p>Ent\u00e3o, preparem-se, Itarantim! Com um prefeito assim, as festas de fim de ano prometem ser sempre emocionantes. Afinal, quem precisa de um discurso inspirador quando se pode ter um ringue improvisado?<\/p>\n<p>Em tempos de redes sociais em que tudo \u00e9 jogado nos grupos de WhatsApp, j\u00e1 que Itarantim n\u00e3o ter\u00e1 festa, parece que a \u00fanica op\u00e7\u00e3o de final de ano, e muitos j\u00e1 comentam e j\u00e1 esperam, s\u00e3o as confus\u00f5es do prefeito. Ser\u00e1 que ter\u00e1 terceiro round?<\/p>\n<p>&nbsp;<\/p>\n","protected":false},"excerpt":{"rendered":"<p>A Coluna Fogo no Parquinho desta sexta-feira, 26 de dezembro t\u00e1 em clima natalino. Ah, a magia do Natal, onde todos se re\u00fanem em paz\u2026 exceto, claro, o nosso querido prefeito F\u00e1bio Gusm\u00e3o, que decidiu que a melhor forma de celebrar era levar um soco de um tal de Nego de Ernesto. (Ali\u00e1s, j\u00e1 \u00e9 o segundo, Nego j\u00e1 \u00e9 dono do cintur\u00e3o). Porque, quem n\u00e3o gostaria de um pouco de \u201cboxing\u201d em uma das principais pra\u00e7a da cidade, n\u00e3o \u00e9 mesmo? A imagem que agora estampa os grupos de WhatsApp, onde Nego \u00e9 ovacionado como o campe\u00e3o da luta, [&hellip;]<\/p>\n","protected":false},"author":4,"featured_media":177693,"comment_status":"open","ping_status":"open","sticky":false,"template":"","format":"standard","meta":[],"categories":[308],"tags":[],"_links":{"self":[{"href":"https:\/\/www.cronicasdeitarantim.com.br\/v1\/wp-json\/wp\/v2\/posts\/177692"}],"collection":[{"href":"https:\/\/www.cronicasdeitarantim.com.br\/v1\/wp-json\/wp\/v2\/posts"}],"about":[{"href":"https:\/\/www.cronicasdeitarantim.com.br\/v1\/wp-json\/wp\/v2\/types\/post"}],"author":[{"embeddable":true,"href":"https:\/\/www.cronicasdeitarantim.com.br\/v1\/wp-json\/wp\/v2\/users\/4"}],"replies":[{"embeddable":true,"href":"https:\/\/www.cronicasdeitarantim.com.br\/v1\/wp-json\/wp\/v2\/comments?post=177692"}],"version-history":[{"count":3,"href":"https:\/\/www.cronicasdeitarantim.com.br\/v1\/wp-json\/wp\/v2\/posts\/177692\/revisions"}],"predecessor-version":[{"id":177696,"href":"https:\/\/www.cronicasdeitarantim.com.br\/v1\/wp-json\/wp\/v2\/posts\/177692\/revisions\/177696"}],"wp:featuredmedia":[{"embeddable":true,"href":"https:\/\/www.cronicasdeitarantim.com.br\/v1\/wp-json\/wp\/v2\/media\/177693"}],"wp:attachment":[{"href":"https:\/\/www.cronicasdeitarantim.com.br\/v1\/wp-json\/wp\/v2\/media?parent=177692"}],"wp:term":[{"taxonomy":"category","embeddable":true,"href":"https:\/\/www.cronicasdeitarantim.com.br\/v1\/wp-json\/wp\/v2\/categories?post=177692"},{"taxonomy":"post_tag","embeddable":true,"href":"https:\/\/www.cronicasdeitarantim.com.br\/v1\/wp-json\/wp\/v2\/tags?post=177692"}],"curies":[{"name":"wp","href":"https:\/\/api.w.org\/{rel}","templated":true}]}}