{"id":177686,"date":"2025-12-26T12:02:30","date_gmt":"2025-12-26T15:02:30","guid":{"rendered":"https:\/\/www.cronicasdeitarantim.com.br\/v1\/?p=177686"},"modified":"2025-12-26T15:14:45","modified_gmt":"2025-12-26T18:14:45","slug":"prefeito-de-itarantim-em-mais-uma-polemica-audios-mostram-o-gestor-agredindo-a-tia-a-advogada-zaza","status":"publish","type":"post","link":"https:\/\/www.cronicasdeitarantim.com.br\/v1\/2025\/12\/26\/prefeito-de-itarantim-em-mais-uma-polemica-audios-mostram-o-gestor-agredindo-a-tia-a-advogada-zaza\/","title":{"rendered":"Prefeito de Itarantim em mais uma pol\u00eamica: \u00c1udios mostram o gestor agredindo a tia, a advogada Zaza"},"content":{"rendered":"<h4>O prefeito de Itarantim, F\u00e1bio Gusm\u00e3o, se envolveu em mais uma pol\u00eamica, desta vez de car\u00e1ter familiar. Ele enviou diversos \u00e1udios, que a reda\u00e7\u00e3o do Cr\u00f4nicas de Itarantim teve acesso, para sua tia, a ex-vice-prefeita da cidade de Maiquinique, Dra. Zaza, esculachando-a.<\/h4>\n<h4>Nos \u00e1udios, fica claro o nervosismo do prefeito e seu desequil\u00edbrio, utilizando palavras de baixo cal\u00e3o contra a tia. Nossa reda\u00e7\u00e3o entrou em contato com Dra. Zaza, que afirmou ter enviado uma mensagem de feliz Natal em uma linha de transmiss\u00e3o em um aplicativo de mensagens. Logo ap\u00f3s, o prefeito a ligou, xingando-a.<\/h4>\n<h4>Ela ainda declarou que, n\u00e3o satisfeita com os xingamentos na liga\u00e7\u00e3o, ele gravou os \u00e1udios ofendendo-a de forma baixa e sorrateira. Em um dos \u00e1udios, ele afirma que a ex-vice-prefeita \u00e9 uma fracassada que n\u00e3o vai a lugar nenhum.<\/h4>\n<h4>Vale lembrar que Dra. Zaza \u00e9 procuradora do munic\u00edpio de Maiquinique, foi vice-prefeita no governo de Jesulino Porto e \u00e9 uma das pol\u00edticas mais influentes da regi\u00e3o. Nos \u00e1udios anexados, o prefeito demonstra todo o seu \u00f3dio ao agredir um membro da fam\u00edlia.<\/h4>\n<p><iframe loading=\"lazy\" title=\"Prefeito de Itarantim esculacha tia (audio um) by Cr\u00f4nicas de Itarantim\" width=\"1200\" height=\"400\" scrolling=\"no\" frameborder=\"no\" src=\"https:\/\/w.soundcloud.com\/player\/?visual=true&#038;url=https%3A%2F%2Fapi.soundcloud.com%2Ftracks%2F2236811558&#038;show_artwork=true&#038;maxheight=1000&#038;maxwidth=1200\"><\/iframe><\/p>\n<p><iframe loading=\"lazy\" title=\"Prefeito de Itarantim (audio dois) by Cr\u00f4nicas de Itarantim\" width=\"1200\" height=\"400\" scrolling=\"no\" frameborder=\"no\" src=\"https:\/\/w.soundcloud.com\/player\/?visual=true&#038;url=https%3A%2F%2Fapi.soundcloud.com%2Ftracks%2F2236812215&#038;show_artwork=true&#038;maxheight=1000&#038;maxwidth=1200\"><\/iframe><\/p>\n<p><iframe loading=\"lazy\" title=\"Prefeito de Itarantim (audio tr\u00eas). by Cr\u00f4nicas de Itarantim\" width=\"1200\" height=\"400\" scrolling=\"no\" frameborder=\"no\" src=\"https:\/\/w.soundcloud.com\/player\/?visual=true&#038;url=https%3A%2F%2Fapi.soundcloud.com%2Ftracks%2F2236812578&#038;show_artwork=true&#038;maxheight=1000&#038;maxwidth=1200\"><\/iframe><\/p>\n<p><iframe loading=\"lazy\" title=\"Prefeito de Itarantim (audio quatro) by Cr\u00f4nicas de Itarantim\" width=\"1200\" height=\"400\" scrolling=\"no\" frameborder=\"no\" src=\"https:\/\/w.soundcloud.com\/player\/?visual=true&#038;url=https%3A%2F%2Fapi.soundcloud.com%2Ftracks%2F2236814096&#038;show_artwork=true&#038;maxheight=1000&#038;maxwidth=1200\"><\/iframe><\/p>\n<p><iframe loading=\"lazy\" title=\"Prefeito de Itarantim (audio cinco) by Cr\u00f4nicas de Itarantim\" width=\"1200\" height=\"400\" scrolling=\"no\" frameborder=\"no\" src=\"https:\/\/w.soundcloud.com\/player\/?visual=true&#038;url=https%3A%2F%2Fapi.soundcloud.com%2Ftracks%2F2236816838&#038;show_artwork=true&#038;maxheight=1000&#038;maxwidth=1200\"><\/iframe><\/p>\n<p><iframe loading=\"lazy\" title=\"Prefeito de Itarantim (audio seis) by Cr\u00f4nicas de Itarantim\" width=\"1200\" height=\"400\" scrolling=\"no\" frameborder=\"no\" src=\"https:\/\/w.soundcloud.com\/player\/?visual=true&#038;url=https%3A%2F%2Fapi.soundcloud.com%2Ftracks%2F2236819913&#038;show_artwork=true&#038;maxheight=1000&#038;maxwidth=1200\"><\/iframe><\/p>\n<p>&nbsp;<\/p>\n","protected":false},"excerpt":{"rendered":"<p>O prefeito de Itarantim, F\u00e1bio Gusm\u00e3o, se envolveu em mais uma pol\u00eamica, desta vez de car\u00e1ter familiar. Ele enviou diversos \u00e1udios, que a reda\u00e7\u00e3o do Cr\u00f4nicas de Itarantim teve acesso, para sua tia, a ex-vice-prefeita da cidade de Maiquinique, Dra. Zaza, esculachando-a. Nos \u00e1udios, fica claro o nervosismo do prefeito e seu desequil\u00edbrio, utilizando palavras de baixo cal\u00e3o contra a tia. Nossa reda\u00e7\u00e3o entrou em contato com Dra. Zaza, que afirmou ter enviado uma mensagem de feliz Natal em uma linha de transmiss\u00e3o em um aplicativo de mensagens. Logo ap\u00f3s, o prefeito a ligou, xingando-a. Ela ainda declarou que, n\u00e3o [&hellip;]<\/p>\n","protected":false},"author":4,"featured_media":170883,"comment_status":"open","ping_status":"open","sticky":false,"template":"","format":"standard","meta":[],"categories":[304],"tags":[],"_links":{"self":[{"href":"https:\/\/www.cronicasdeitarantim.com.br\/v1\/wp-json\/wp\/v2\/posts\/177686"}],"collection":[{"href":"https:\/\/www.cronicasdeitarantim.com.br\/v1\/wp-json\/wp\/v2\/posts"}],"about":[{"href":"https:\/\/www.cronicasdeitarantim.com.br\/v1\/wp-json\/wp\/v2\/types\/post"}],"author":[{"embeddable":true,"href":"https:\/\/www.cronicasdeitarantim.com.br\/v1\/wp-json\/wp\/v2\/users\/4"}],"replies":[{"embeddable":true,"href":"https:\/\/www.cronicasdeitarantim.com.br\/v1\/wp-json\/wp\/v2\/comments?post=177686"}],"version-history":[{"count":1,"href":"https:\/\/www.cronicasdeitarantim.com.br\/v1\/wp-json\/wp\/v2\/posts\/177686\/revisions"}],"predecessor-version":[{"id":177687,"href":"https:\/\/www.cronicasdeitarantim.com.br\/v1\/wp-json\/wp\/v2\/posts\/177686\/revisions\/177687"}],"wp:featuredmedia":[{"embeddable":true,"href":"https:\/\/www.cronicasdeitarantim.com.br\/v1\/wp-json\/wp\/v2\/media\/170883"}],"wp:attachment":[{"href":"https:\/\/www.cronicasdeitarantim.com.br\/v1\/wp-json\/wp\/v2\/media?parent=177686"}],"wp:term":[{"taxonomy":"category","embeddable":true,"href":"https:\/\/www.cronicasdeitarantim.com.br\/v1\/wp-json\/wp\/v2\/categories?post=177686"},{"taxonomy":"post_tag","embeddable":true,"href":"https:\/\/www.cronicasdeitarantim.com.br\/v1\/wp-json\/wp\/v2\/tags?post=177686"}],"curies":[{"name":"wp","href":"https:\/\/api.w.org\/{rel}","templated":true}]}}