{"id":177488,"date":"2025-12-10T20:15:16","date_gmt":"2025-12-10T23:15:16","guid":{"rendered":"https:\/\/www.cronicasdeitarantim.com.br\/v1\/?p=177488"},"modified":"2025-12-10T20:15:16","modified_gmt":"2025-12-10T23:15:16","slug":"alba-aprova-nome-de-deputado-apoiado-pelo-prefeito-de-itarantim-para-ocupar-vaga-no-tce","status":"publish","type":"post","link":"https:\/\/www.cronicasdeitarantim.com.br\/v1\/2025\/12\/10\/alba-aprova-nome-de-deputado-apoiado-pelo-prefeito-de-itarantim-para-ocupar-vaga-no-tce\/","title":{"rendered":"ALBA aprova nome de deputado apoiado pelo prefeito de Itarantim para ocupar vaga no TCE"},"content":{"rendered":"<div class=\"styles__Body-sc-1ffquwr-7 ePhtZb\">\n<p data-end=\"769\" data-start=\"338\">Em reuni\u00e3o extraordin\u00e1ria realizada na manh\u00e3 desta quarta-feira, 10 de dezembro, a Comiss\u00e3o de Constitui\u00e7\u00e3o e Justi\u00e7a da Assembleia Legislativa da Bahia aprovou, por unanimidade, o nome do deputado federal Otto Alencar Filho (PSD) para o cargo de conselheiro do Tribunal de Contas do Estado. A indica\u00e7\u00e3o foi feita pelo governador Jer\u00f4nimo Rodrigues ap\u00f3s a aposentadoria do ex-conselheiro Antonio Honorato de Castro Neto.<\/p>\n<p data-end=\"769\" data-start=\"338\"><strong>Itarantim<\/strong><\/p>\n<p data-end=\"769\" data-start=\"338\">Otto Filho, \u00e9 filho do senador Otto Alencar e era um dos nomes apoiados pela gest\u00e3o do prefeito F\u00e1bio Gusm\u00e3o em Itarantim. Com a sa\u00edda de Otto da disputa em 2026 o espa\u00e7o fica vago para apoio do prefeito. De acordo com informa\u00e7\u00f5es que tivemos, um nome j\u00e1 vem sendo cogitado para apoiar em 2026 federal.<\/p>\n<\/div>\n","protected":false},"excerpt":{"rendered":"<p>Em reuni\u00e3o extraordin\u00e1ria realizada na manh\u00e3 desta quarta-feira, 10 de dezembro, a Comiss\u00e3o de Constitui\u00e7\u00e3o e Justi\u00e7a da Assembleia Legislativa da Bahia aprovou, por unanimidade, o nome do deputado federal Otto Alencar Filho (PSD) para o cargo de conselheiro do Tribunal de Contas do Estado. A indica\u00e7\u00e3o foi feita pelo governador Jer\u00f4nimo Rodrigues ap\u00f3s a aposentadoria do ex-conselheiro Antonio Honorato de Castro Neto. Itarantim Otto Filho, \u00e9 filho do senador Otto Alencar e era um dos nomes apoiados pela gest\u00e3o do prefeito F\u00e1bio Gusm\u00e3o em Itarantim. Com a sa\u00edda de Otto da disputa em 2026 o espa\u00e7o fica vago para [&hellip;]<\/p>\n","protected":false},"author":4,"featured_media":177489,"comment_status":"open","ping_status":"open","sticky":false,"template":"","format":"standard","meta":[],"categories":[295],"tags":[],"_links":{"self":[{"href":"https:\/\/www.cronicasdeitarantim.com.br\/v1\/wp-json\/wp\/v2\/posts\/177488"}],"collection":[{"href":"https:\/\/www.cronicasdeitarantim.com.br\/v1\/wp-json\/wp\/v2\/posts"}],"about":[{"href":"https:\/\/www.cronicasdeitarantim.com.br\/v1\/wp-json\/wp\/v2\/types\/post"}],"author":[{"embeddable":true,"href":"https:\/\/www.cronicasdeitarantim.com.br\/v1\/wp-json\/wp\/v2\/users\/4"}],"replies":[{"embeddable":true,"href":"https:\/\/www.cronicasdeitarantim.com.br\/v1\/wp-json\/wp\/v2\/comments?post=177488"}],"version-history":[{"count":1,"href":"https:\/\/www.cronicasdeitarantim.com.br\/v1\/wp-json\/wp\/v2\/posts\/177488\/revisions"}],"predecessor-version":[{"id":177490,"href":"https:\/\/www.cronicasdeitarantim.com.br\/v1\/wp-json\/wp\/v2\/posts\/177488\/revisions\/177490"}],"wp:featuredmedia":[{"embeddable":true,"href":"https:\/\/www.cronicasdeitarantim.com.br\/v1\/wp-json\/wp\/v2\/media\/177489"}],"wp:attachment":[{"href":"https:\/\/www.cronicasdeitarantim.com.br\/v1\/wp-json\/wp\/v2\/media?parent=177488"}],"wp:term":[{"taxonomy":"category","embeddable":true,"href":"https:\/\/www.cronicasdeitarantim.com.br\/v1\/wp-json\/wp\/v2\/categories?post=177488"},{"taxonomy":"post_tag","embeddable":true,"href":"https:\/\/www.cronicasdeitarantim.com.br\/v1\/wp-json\/wp\/v2\/tags?post=177488"}],"curies":[{"name":"wp","href":"https:\/\/api.w.org\/{rel}","templated":true}]}}