{"id":177389,"date":"2025-12-09T09:45:47","date_gmt":"2025-12-09T12:45:47","guid":{"rendered":"https:\/\/www.cronicasdeitarantim.com.br\/v1\/?p=177389"},"modified":"2025-12-09T09:45:47","modified_gmt":"2025-12-09T12:45:47","slug":"cacique-e-preso-no-extremo-sul-da-bahia-em-operacao-por-conta-de-conflitos-entre-produtores-e-indigenas","status":"publish","type":"post","link":"https:\/\/www.cronicasdeitarantim.com.br\/v1\/2025\/12\/09\/cacique-e-preso-no-extremo-sul-da-bahia-em-operacao-por-conta-de-conflitos-entre-produtores-e-indigenas\/","title":{"rendered":"Cacique \u00e9 preso no extremo sul da Bahia em opera\u00e7\u00e3o por conta de conflitos entre produtores e ind\u00edgenas"},"content":{"rendered":"<article id=\"post-244774\" class=\"post-244774 post type-post status-publish format-standard has-post-thumbnail hentry category-bahia\">\n<div class=\"container-post\">\n<div class=\"entry-content\">\n<p>Duas opera\u00e7\u00f5es policiais foram deflagradas na manh\u00e3 desta ter\u00e7a-feira, 09 de dezembro, em decorr\u00eancia de conflitos registrados entre produtores rurais e ind\u00edgenas no extremo sul da Bahia. Segundo informa\u00e7\u00f5es da Secretaria da Seguran\u00e7a P\u00fablica do Estado (SSP-BA), um cacique foi preso e outras cinco pessoas est\u00e3o sendo procuradas pelas autoridades.<\/p>\n<p>De acordo com a SSP-BA, uma das a\u00e7\u00f5es, batizada de Opera\u00e7\u00e3o Sombras da Mata, \u00e9 resultado das investiga\u00e7\u00f5es sobre um ataque ocorrido no dia 28 de outubro, no munic\u00edpio de Itamaraju, que terminou com dois produtores rurais mortos e um terceiro gravemente ferido. O crime aconteceu durante a invas\u00e3o de uma propriedade rural por pessoas que se autodenominavam ind\u00edgenas. Na ocasi\u00e3o, tr\u00eas suspeitos chegaram a ser presos em flagrante, mas foram liberados posteriormente por quest\u00f5es processuais.<\/p>\n<p>Ainda conforme a Secretaria, o avan\u00e7o das investiga\u00e7\u00f5es permitiu a identifica\u00e7\u00e3o dos supostos mandantes da invas\u00e3o e dos homens apontados como autores dos disparos contra as v\u00edtimas. A TV Bahia apurou que o cacique preso foi identificado como Joel Br\u00e1s. No \u00e2mbito da Opera\u00e7\u00e3o Sombras da Mata, a Justi\u00e7a expediu seis mandados de pris\u00e3o preventiva e um mandado de busca e apreens\u00e3o. At\u00e9 por volta das 7h30, 13 armas de fogo j\u00e1 haviam sido apreendidas pelas for\u00e7as de seguran\u00e7a.<\/p>\n<\/div>\n<footer class=\"entry-footer\"><\/footer>\n<\/div>\n<\/article>\n<div class=\"my-2\"><\/div>\n<article id=\"post-244771\" class=\"post-244771 post type-post status-publish format-standard hentry category-brasil\">\n<div class=\"container-post\"><\/div>\n<\/article>\n","protected":false},"excerpt":{"rendered":"<p>Duas opera\u00e7\u00f5es policiais foram deflagradas na manh\u00e3 desta ter\u00e7a-feira, 09 de dezembro, em decorr\u00eancia de conflitos registrados entre produtores rurais e ind\u00edgenas no extremo sul da Bahia. Segundo informa\u00e7\u00f5es da Secretaria da Seguran\u00e7a P\u00fablica do Estado (SSP-BA), um cacique foi preso e outras cinco pessoas est\u00e3o sendo procuradas pelas autoridades. De acordo com a SSP-BA, uma das a\u00e7\u00f5es, batizada de Opera\u00e7\u00e3o Sombras da Mata, \u00e9 resultado das investiga\u00e7\u00f5es sobre um ataque ocorrido no dia 28 de outubro, no munic\u00edpio de Itamaraju, que terminou com dois produtores rurais mortos e um terceiro gravemente ferido. O crime aconteceu durante a invas\u00e3o de [&hellip;]<\/p>\n","protected":false},"author":4,"featured_media":177390,"comment_status":"open","ping_status":"open","sticky":false,"template":"","format":"standard","meta":[],"categories":[295],"tags":[],"_links":{"self":[{"href":"https:\/\/www.cronicasdeitarantim.com.br\/v1\/wp-json\/wp\/v2\/posts\/177389"}],"collection":[{"href":"https:\/\/www.cronicasdeitarantim.com.br\/v1\/wp-json\/wp\/v2\/posts"}],"about":[{"href":"https:\/\/www.cronicasdeitarantim.com.br\/v1\/wp-json\/wp\/v2\/types\/post"}],"author":[{"embeddable":true,"href":"https:\/\/www.cronicasdeitarantim.com.br\/v1\/wp-json\/wp\/v2\/users\/4"}],"replies":[{"embeddable":true,"href":"https:\/\/www.cronicasdeitarantim.com.br\/v1\/wp-json\/wp\/v2\/comments?post=177389"}],"version-history":[{"count":1,"href":"https:\/\/www.cronicasdeitarantim.com.br\/v1\/wp-json\/wp\/v2\/posts\/177389\/revisions"}],"predecessor-version":[{"id":177391,"href":"https:\/\/www.cronicasdeitarantim.com.br\/v1\/wp-json\/wp\/v2\/posts\/177389\/revisions\/177391"}],"wp:featuredmedia":[{"embeddable":true,"href":"https:\/\/www.cronicasdeitarantim.com.br\/v1\/wp-json\/wp\/v2\/media\/177390"}],"wp:attachment":[{"href":"https:\/\/www.cronicasdeitarantim.com.br\/v1\/wp-json\/wp\/v2\/media?parent=177389"}],"wp:term":[{"taxonomy":"category","embeddable":true,"href":"https:\/\/www.cronicasdeitarantim.com.br\/v1\/wp-json\/wp\/v2\/categories?post=177389"},{"taxonomy":"post_tag","embeddable":true,"href":"https:\/\/www.cronicasdeitarantim.com.br\/v1\/wp-json\/wp\/v2\/tags?post=177389"}],"curies":[{"name":"wp","href":"https:\/\/api.w.org\/{rel}","templated":true}]}}