{"id":177239,"date":"2025-12-02T10:56:47","date_gmt":"2025-12-02T13:56:47","guid":{"rendered":"https:\/\/www.cronicasdeitarantim.com.br\/v1\/?p=177239"},"modified":"2025-12-02T10:56:47","modified_gmt":"2025-12-02T13:56:47","slug":"seguranca-publica-bahia-registra-menor-numero-de-mortes-violentas-em-13-anos","status":"publish","type":"post","link":"https:\/\/www.cronicasdeitarantim.com.br\/v1\/2025\/12\/02\/seguranca-publica-bahia-registra-menor-numero-de-mortes-violentas-em-13-anos\/","title":{"rendered":"Seguran\u00e7a p\u00fablica: Bahia registra menor n\u00famero de mortes violentas em 13 anos"},"content":{"rendered":"<div class=\"styles__Body-sc-1ffquwr-7 ePhtZb\">\n<p>A Pol\u00edcia Civil da Bahia registrou em novembro de 2025, encerrado no \u00faltimo domingo, 30 de novembro, o menor n\u00famero de mortes violentas dos \u00faltimos 13 anos, impulsionado por megaopera\u00e7\u00f5es, asfixiamento financeiro de fac\u00e7\u00f5es e refor\u00e7o no patrulhamento, como informou a Secretaria de Seguran\u00e7a P\u00fablica da Bahia e publicada pelo Metro1.<\/p>\n<p>Ao todo, foram contabilizadas 273 mortes violentas no m\u00eas, representando uma redu\u00e7\u00e3o de 28% em rela\u00e7\u00e3o ao mesmo per\u00edodo de 2024, quando houve 379 casos.<\/p>\n<p>O secret\u00e1rio da Seguran\u00e7a P\u00fablica, Marcelo Werner, destacou que o resultado reflete a dedica\u00e7\u00e3o das For\u00e7as Policiais e lembrou que, nos anos anteriores, as redu\u00e7\u00f5es j\u00e1 vinham ocorrendo: 6% em 2023 e 8,2% em 2024. Ele tamb\u00e9m ressaltou o apoio do governador Jer\u00f4nimo Rodrigues, que contratou seis mil policiais e bombeiros em pouco mais de dois anos e que, na pr\u00f3xima sexta (5 de dezembro), ser\u00e3o incorporados mais 2.000 PMs.<\/p>\n<p>Al\u00e9m do patrulhamento ostensivo, houve fortalecimento da Criminal\u00edstica com a duplica\u00e7\u00e3o do efetivo do Departamento de Pol\u00edcia T\u00e9cnica. Para 2026, est\u00e1 previsto um novo concurso para a Pol\u00edcia Civil, oferecendo 750 vagas para delegados, escriv\u00e3es e investigadores.<\/p>\n<\/div>\n","protected":false},"excerpt":{"rendered":"<p>A Pol\u00edcia Civil da Bahia registrou em novembro de 2025, encerrado no \u00faltimo domingo, 30 de novembro, o menor n\u00famero de mortes violentas dos \u00faltimos 13 anos, impulsionado por megaopera\u00e7\u00f5es, asfixiamento financeiro de fac\u00e7\u00f5es e refor\u00e7o no patrulhamento, como informou a Secretaria de Seguran\u00e7a P\u00fablica da Bahia e publicada pelo Metro1. Ao todo, foram contabilizadas 273 mortes violentas no m\u00eas, representando uma redu\u00e7\u00e3o de 28% em rela\u00e7\u00e3o ao mesmo per\u00edodo de 2024, quando houve 379 casos. O secret\u00e1rio da Seguran\u00e7a P\u00fablica, Marcelo Werner, destacou que o resultado reflete a dedica\u00e7\u00e3o das For\u00e7as Policiais e lembrou que, nos anos anteriores, as [&hellip;]<\/p>\n","protected":false},"author":4,"featured_media":177240,"comment_status":"open","ping_status":"open","sticky":false,"template":"","format":"standard","meta":[],"categories":[295],"tags":[],"_links":{"self":[{"href":"https:\/\/www.cronicasdeitarantim.com.br\/v1\/wp-json\/wp\/v2\/posts\/177239"}],"collection":[{"href":"https:\/\/www.cronicasdeitarantim.com.br\/v1\/wp-json\/wp\/v2\/posts"}],"about":[{"href":"https:\/\/www.cronicasdeitarantim.com.br\/v1\/wp-json\/wp\/v2\/types\/post"}],"author":[{"embeddable":true,"href":"https:\/\/www.cronicasdeitarantim.com.br\/v1\/wp-json\/wp\/v2\/users\/4"}],"replies":[{"embeddable":true,"href":"https:\/\/www.cronicasdeitarantim.com.br\/v1\/wp-json\/wp\/v2\/comments?post=177239"}],"version-history":[{"count":1,"href":"https:\/\/www.cronicasdeitarantim.com.br\/v1\/wp-json\/wp\/v2\/posts\/177239\/revisions"}],"predecessor-version":[{"id":177241,"href":"https:\/\/www.cronicasdeitarantim.com.br\/v1\/wp-json\/wp\/v2\/posts\/177239\/revisions\/177241"}],"wp:featuredmedia":[{"embeddable":true,"href":"https:\/\/www.cronicasdeitarantim.com.br\/v1\/wp-json\/wp\/v2\/media\/177240"}],"wp:attachment":[{"href":"https:\/\/www.cronicasdeitarantim.com.br\/v1\/wp-json\/wp\/v2\/media?parent=177239"}],"wp:term":[{"taxonomy":"category","embeddable":true,"href":"https:\/\/www.cronicasdeitarantim.com.br\/v1\/wp-json\/wp\/v2\/categories?post=177239"},{"taxonomy":"post_tag","embeddable":true,"href":"https:\/\/www.cronicasdeitarantim.com.br\/v1\/wp-json\/wp\/v2\/tags?post=177239"}],"curies":[{"name":"wp","href":"https:\/\/api.w.org\/{rel}","templated":true}]}}