{"id":177104,"date":"2025-11-25T16:00:41","date_gmt":"2025-11-25T19:00:41","guid":{"rendered":"https:\/\/www.cronicasdeitarantim.com.br\/v1\/?p=177104"},"modified":"2025-11-25T16:00:41","modified_gmt":"2025-11-25T19:00:41","slug":"08-de-janeiro-heleno-e-paulo-sergio-sao-presos-para-cumprir-pena-por-trama-golpista","status":"publish","type":"post","link":"https:\/\/www.cronicasdeitarantim.com.br\/v1\/2025\/11\/25\/08-de-janeiro-heleno-e-paulo-sergio-sao-presos-para-cumprir-pena-por-trama-golpista\/","title":{"rendered":"08 de janeiro: Heleno e Paulo S\u00e9rgio s\u00e3o presos para cumprir pena por trama golpista"},"content":{"rendered":"<h4>O ministro Alexandre de Moraes, do Supremo Tribunal Federal\u00a0 (STF), determinou a execu\u00e7\u00e3o das penas dos ex-ministro do Gabinete de Seguran\u00e7a Institucional (GSI)\u00a0 Augusto Heleno e\u00a0 do Paulo S\u00e9rgio Nogueira, ex-ministro da Defesa do governo do ex-presidente Jair Bolsonaro.\u00a0<img decoding=\"async\" src=\"https:\/\/agenciabrasil.ebc.com.br\/ebc.png?id=1669477&amp;o=node\" \/><img decoding=\"async\" src=\"https:\/\/agenciabrasil.ebc.com.br\/ebc.gif?id=1669477&amp;o=node\" \/><\/h4>\n<h4>Generais do Ex\u00e9rcito, eles foram levados para as instala\u00e7\u00f5es do Comando Militar do Planalto (CMP), em Bras\u00edlia.<\/h4>\n<h4>Heleno foi condenado pela trama golpista a 21 anos de pris\u00e3o. Nogueira vai cumprir 19 anos de pris\u00e3o.<\/h4>\n","protected":false},"excerpt":{"rendered":"<p>O ministro Alexandre de Moraes, do Supremo Tribunal Federal\u00a0 (STF), determinou a execu\u00e7\u00e3o das penas dos ex-ministro do Gabinete de Seguran\u00e7a Institucional (GSI)\u00a0 Augusto Heleno e\u00a0 do Paulo S\u00e9rgio Nogueira, ex-ministro da Defesa do governo do ex-presidente Jair Bolsonaro.\u00a0 Generais do Ex\u00e9rcito, eles foram levados para as instala\u00e7\u00f5es do Comando Militar do Planalto (CMP), em Bras\u00edlia. Heleno foi condenado pela trama golpista a 21 anos de pris\u00e3o. Nogueira vai cumprir 19 anos de pris\u00e3o.<\/p>\n","protected":false},"author":4,"featured_media":177105,"comment_status":"open","ping_status":"open","sticky":false,"template":"","format":"standard","meta":[],"categories":[295],"tags":[],"_links":{"self":[{"href":"https:\/\/www.cronicasdeitarantim.com.br\/v1\/wp-json\/wp\/v2\/posts\/177104"}],"collection":[{"href":"https:\/\/www.cronicasdeitarantim.com.br\/v1\/wp-json\/wp\/v2\/posts"}],"about":[{"href":"https:\/\/www.cronicasdeitarantim.com.br\/v1\/wp-json\/wp\/v2\/types\/post"}],"author":[{"embeddable":true,"href":"https:\/\/www.cronicasdeitarantim.com.br\/v1\/wp-json\/wp\/v2\/users\/4"}],"replies":[{"embeddable":true,"href":"https:\/\/www.cronicasdeitarantim.com.br\/v1\/wp-json\/wp\/v2\/comments?post=177104"}],"version-history":[{"count":1,"href":"https:\/\/www.cronicasdeitarantim.com.br\/v1\/wp-json\/wp\/v2\/posts\/177104\/revisions"}],"predecessor-version":[{"id":177106,"href":"https:\/\/www.cronicasdeitarantim.com.br\/v1\/wp-json\/wp\/v2\/posts\/177104\/revisions\/177106"}],"wp:featuredmedia":[{"embeddable":true,"href":"https:\/\/www.cronicasdeitarantim.com.br\/v1\/wp-json\/wp\/v2\/media\/177105"}],"wp:attachment":[{"href":"https:\/\/www.cronicasdeitarantim.com.br\/v1\/wp-json\/wp\/v2\/media?parent=177104"}],"wp:term":[{"taxonomy":"category","embeddable":true,"href":"https:\/\/www.cronicasdeitarantim.com.br\/v1\/wp-json\/wp\/v2\/categories?post=177104"},{"taxonomy":"post_tag","embeddable":true,"href":"https:\/\/www.cronicasdeitarantim.com.br\/v1\/wp-json\/wp\/v2\/tags?post=177104"}],"curies":[{"name":"wp","href":"https:\/\/api.w.org\/{rel}","templated":true}]}}