{"id":177088,"date":"2025-11-25T12:16:05","date_gmt":"2025-11-25T15:16:05","guid":{"rendered":"https:\/\/www.cronicasdeitarantim.com.br\/v1\/?p=177088"},"modified":"2025-11-25T12:16:21","modified_gmt":"2025-11-25T15:16:21","slug":"cidade-da-bahia-decreta-estado-de-emergencia-por-conta-das-fortes-chuvas-que-destruiram-ruas","status":"publish","type":"post","link":"https:\/\/www.cronicasdeitarantim.com.br\/v1\/2025\/11\/25\/cidade-da-bahia-decreta-estado-de-emergencia-por-conta-das-fortes-chuvas-que-destruiram-ruas\/","title":{"rendered":"Cidade da Bahia decreta estado de emerg\u00eancia por conta das fortes chuvas que destru\u00edram ruas"},"content":{"rendered":"<div class=\"styles__Body-sc-1ffquwr-7 ePhtZb\">\n<h4>A prefeitura de Maca\u00fabas, no Sudoeste da Bahia, decretou situa\u00e7\u00e3o de emerg\u00eancia ap\u00f3s chuva intensa que acumulou 150 mm em apenas tr\u00eas horas neste \u00faltimo domingo, 23 de novembro, volume equivalente a 85% da m\u00e9dia de novembro. O decreto, publicado na noite de segunda-feira, tem validade de 180 dias.<\/h4>\n<h4>O temporal provocou alagamentos, destrui\u00e7\u00e3o de ruas e submers\u00e3o de ve\u00edculos. Segundo a administra\u00e7\u00e3o municipal, os danos configuram um desastre de m\u00e9dia intensidade, e os recursos pr\u00f3prios s\u00e3o insuficientes para atender \u00e0 demanda emergencial.<\/h4>\n<h4>Com a medida, a prefeitura pode solicitar aux\u00edlio t\u00e9cnico e financeiro do governo estadual e federal. Quatro fam\u00edlias, totalizando 13 pessoas, ficaram desalojadas, enquanto ruas precisaram ser interditadas e o com\u00e9rcio local suspendeu as atividades devido aos riscos.<\/h4>\n<h4>Em diversos pontos da cidade, a for\u00e7a da \u00e1gua arrancou trechos de pavimenta\u00e7\u00e3o, dificultando a mobilidade. O Inmet mant\u00e9m alerta de chuvas intensas at\u00e9 ter\u00e7a-feira (25), prevendo precipita\u00e7\u00e3o de at\u00e9 50 mm e ventos de at\u00e9 60 km\/h, aumentando o risco de novos alagamentos e deslizamentos.<\/h4>\n<\/div>\n","protected":false},"excerpt":{"rendered":"<p>A prefeitura de Maca\u00fabas, no Sudoeste da Bahia, decretou situa\u00e7\u00e3o de emerg\u00eancia ap\u00f3s chuva intensa que acumulou 150 mm em apenas tr\u00eas horas neste \u00faltimo domingo, 23 de novembro, volume equivalente a 85% da m\u00e9dia de novembro. O decreto, publicado na noite de segunda-feira, tem validade de 180 dias. O temporal provocou alagamentos, destrui\u00e7\u00e3o de ruas e submers\u00e3o de ve\u00edculos. Segundo a administra\u00e7\u00e3o municipal, os danos configuram um desastre de m\u00e9dia intensidade, e os recursos pr\u00f3prios s\u00e3o insuficientes para atender \u00e0 demanda emergencial. Com a medida, a prefeitura pode solicitar aux\u00edlio t\u00e9cnico e financeiro do governo estadual e federal. Quatro [&hellip;]<\/p>\n","protected":false},"author":4,"featured_media":177089,"comment_status":"open","ping_status":"open","sticky":false,"template":"","format":"standard","meta":[],"categories":[295],"tags":[],"_links":{"self":[{"href":"https:\/\/www.cronicasdeitarantim.com.br\/v1\/wp-json\/wp\/v2\/posts\/177088"}],"collection":[{"href":"https:\/\/www.cronicasdeitarantim.com.br\/v1\/wp-json\/wp\/v2\/posts"}],"about":[{"href":"https:\/\/www.cronicasdeitarantim.com.br\/v1\/wp-json\/wp\/v2\/types\/post"}],"author":[{"embeddable":true,"href":"https:\/\/www.cronicasdeitarantim.com.br\/v1\/wp-json\/wp\/v2\/users\/4"}],"replies":[{"embeddable":true,"href":"https:\/\/www.cronicasdeitarantim.com.br\/v1\/wp-json\/wp\/v2\/comments?post=177088"}],"version-history":[{"count":2,"href":"https:\/\/www.cronicasdeitarantim.com.br\/v1\/wp-json\/wp\/v2\/posts\/177088\/revisions"}],"predecessor-version":[{"id":177091,"href":"https:\/\/www.cronicasdeitarantim.com.br\/v1\/wp-json\/wp\/v2\/posts\/177088\/revisions\/177091"}],"wp:featuredmedia":[{"embeddable":true,"href":"https:\/\/www.cronicasdeitarantim.com.br\/v1\/wp-json\/wp\/v2\/media\/177089"}],"wp:attachment":[{"href":"https:\/\/www.cronicasdeitarantim.com.br\/v1\/wp-json\/wp\/v2\/media?parent=177088"}],"wp:term":[{"taxonomy":"category","embeddable":true,"href":"https:\/\/www.cronicasdeitarantim.com.br\/v1\/wp-json\/wp\/v2\/categories?post=177088"},{"taxonomy":"post_tag","embeddable":true,"href":"https:\/\/www.cronicasdeitarantim.com.br\/v1\/wp-json\/wp\/v2\/tags?post=177088"}],"curies":[{"name":"wp","href":"https:\/\/api.w.org\/{rel}","templated":true}]}}