{"id":176828,"date":"2025-11-11T16:09:37","date_gmt":"2025-11-11T19:09:37","guid":{"rendered":"https:\/\/www.cronicasdeitarantim.com.br\/v1\/?p=176828"},"modified":"2025-11-11T16:09:37","modified_gmt":"2025-11-11T19:09:37","slug":"presidente-da-camara-de-maiquinique-tenta-antecipar-eleicoes-desafiando-decisao-do-supremo","status":"publish","type":"post","link":"https:\/\/www.cronicasdeitarantim.com.br\/v1\/2025\/11\/11\/presidente-da-camara-de-maiquinique-tenta-antecipar-eleicoes-desafiando-decisao-do-supremo\/","title":{"rendered":"Presidente da C\u00e2mara de Maiquinique tenta antecipar elei\u00e7\u00f5es, desafiando decis\u00e3o do Supremo"},"content":{"rendered":"<h4>Mesmo ciente da inconstitucionalidade, o presidente da C\u00e2mara de Vereadores de Maiquinique, Danilo Mendon\u00e7a, busca antecipar as elei\u00e7\u00f5es para a presid\u00eancia da C\u00e2mara do munic\u00edpio.<\/h4>\n<h4>Informa\u00e7\u00f5es indicam que o vereador conta com o apoio da maioria de seus colegas para essa mudan\u00e7a, que foi vedada pelo Supremo Tribunal Federal (STF).<\/h4>\n<h4>O STF decidiu que a elei\u00e7\u00e3o para presidente no segundo bi\u00eanio das c\u00e2maras municipais deve ocorrer apenas em outubro do ano que vem. Essa decis\u00e3o visa fortalecer a democracia e garantir a altern\u00e2ncia de poder nos parlamentos estaduais e municipais, afirmando que cada mandato deve ser legitimado por um processo eleitoral pr\u00f3prio e contempor\u00e2neo. Assim, a antecipa\u00e7\u00e3o das elei\u00e7\u00f5es da mesa diretora \u00e9 considerada inconstitucional.<\/h4>\n<h4>Mas o presidente da C\u00e2mara de Vereadores de Maiqunique, como foi pauta na sess\u00e3o desta segunda-feira, 10 de novembro, quer seguir em frente, mesmo correndo sabendo da irregularidade do processo que poder\u00e1 trazer transtornos futuros.<\/h4>\n","protected":false},"excerpt":{"rendered":"<p>Mesmo ciente da inconstitucionalidade, o presidente da C\u00e2mara de Vereadores de Maiquinique, Danilo Mendon\u00e7a, busca antecipar as elei\u00e7\u00f5es para a presid\u00eancia da C\u00e2mara do munic\u00edpio. Informa\u00e7\u00f5es indicam que o vereador conta com o apoio da maioria de seus colegas para essa mudan\u00e7a, que foi vedada pelo Supremo Tribunal Federal (STF). O STF decidiu que a elei\u00e7\u00e3o para presidente no segundo bi\u00eanio das c\u00e2maras municipais deve ocorrer apenas em outubro do ano que vem. Essa decis\u00e3o visa fortalecer a democracia e garantir a altern\u00e2ncia de poder nos parlamentos estaduais e municipais, afirmando que cada mandato deve ser legitimado por um processo [&hellip;]<\/p>\n","protected":false},"author":4,"featured_media":176829,"comment_status":"open","ping_status":"open","sticky":false,"template":"","format":"standard","meta":[],"categories":[304],"tags":[3310,1780,392,806],"_links":{"self":[{"href":"https:\/\/www.cronicasdeitarantim.com.br\/v1\/wp-json\/wp\/v2\/posts\/176828"}],"collection":[{"href":"https:\/\/www.cronicasdeitarantim.com.br\/v1\/wp-json\/wp\/v2\/posts"}],"about":[{"href":"https:\/\/www.cronicasdeitarantim.com.br\/v1\/wp-json\/wp\/v2\/types\/post"}],"author":[{"embeddable":true,"href":"https:\/\/www.cronicasdeitarantim.com.br\/v1\/wp-json\/wp\/v2\/users\/4"}],"replies":[{"embeddable":true,"href":"https:\/\/www.cronicasdeitarantim.com.br\/v1\/wp-json\/wp\/v2\/comments?post=176828"}],"version-history":[{"count":1,"href":"https:\/\/www.cronicasdeitarantim.com.br\/v1\/wp-json\/wp\/v2\/posts\/176828\/revisions"}],"predecessor-version":[{"id":176830,"href":"https:\/\/www.cronicasdeitarantim.com.br\/v1\/wp-json\/wp\/v2\/posts\/176828\/revisions\/176830"}],"wp:featuredmedia":[{"embeddable":true,"href":"https:\/\/www.cronicasdeitarantim.com.br\/v1\/wp-json\/wp\/v2\/media\/176829"}],"wp:attachment":[{"href":"https:\/\/www.cronicasdeitarantim.com.br\/v1\/wp-json\/wp\/v2\/media?parent=176828"}],"wp:term":[{"taxonomy":"category","embeddable":true,"href":"https:\/\/www.cronicasdeitarantim.com.br\/v1\/wp-json\/wp\/v2\/categories?post=176828"},{"taxonomy":"post_tag","embeddable":true,"href":"https:\/\/www.cronicasdeitarantim.com.br\/v1\/wp-json\/wp\/v2\/tags?post=176828"}],"curies":[{"name":"wp","href":"https:\/\/api.w.org\/{rel}","templated":true}]}}