{"id":176808,"date":"2025-11-10T17:21:17","date_gmt":"2025-11-10T20:21:17","guid":{"rendered":"https:\/\/www.cronicasdeitarantim.com.br\/v1\/?p=176808"},"modified":"2025-11-10T17:21:17","modified_gmt":"2025-11-10T20:21:17","slug":"bomba-de-esquema-de-rachadinha-na-prefeitura-de-itarantim-sera-investigada-pela-justica","status":"publish","type":"post","link":"https:\/\/www.cronicasdeitarantim.com.br\/v1\/2025\/11\/10\/bomba-de-esquema-de-rachadinha-na-prefeitura-de-itarantim-sera-investigada-pela-justica\/","title":{"rendered":"Bomba de esquema de rachadinha na Prefeitura de Itarantim ser\u00e1 investigada pela Justi\u00e7a"},"content":{"rendered":"<p>Uma bomba pode explodir na Prefeitura de Itarantim nos pr\u00f3ximos meses. Um poss\u00edvel esquema de &#8220;rachadinha&#8221; pode estar ocorrendo na Prefeitura de Itarantim, envolvendo funcion\u00e1rios de primeiro, segundo e terceiro escal\u00e3o. A reda\u00e7\u00e3o do site Cr\u00f4nicas de Itarantim recebeu diversas informa\u00e7\u00f5es sobre o assunto e, nos \u00faltimos meses, acompanhou o caso por meio de relatos an\u00f4nimos.<\/p>\n<p>De acordo com as informa\u00e7\u00f5es colhidas, j\u00e1 existem den\u00fancias sendo feitas na justi\u00e7a, com ind\u00edcios s\u00e9rios que podem confirmar a exist\u00eancia de rachadinha no governo do prefeito F\u00e1bio Gusm\u00e3o.<\/p>\n<p>Os \u00faltimos acontecimentos, incluindo demiss\u00f5es na prefeitura, t\u00eam chamado a aten\u00e7\u00e3o da imprensa e da popula\u00e7\u00e3o. Muitos alegam que algumas dessas demiss\u00f5es est\u00e3o relacionadas a pessoas que estariam recebendo rachadinha ou foram usadas. Agora, cabe \u00e0s autoridades investigar as informa\u00e7\u00f5es e protocolar den\u00fancias.<\/p>\n<p>A popula\u00e7\u00e3o de Itarantim est\u00e1 atenta a poss\u00edveis condutas de improbidade administrativa na gest\u00e3o do prefeito.<\/p>\n<p><strong>Entenda o que \u00e9 um esquema de rachadinha:<\/strong><\/p>\n<p>Um esquema de rachadinha \u00e9 um desvio ilegal de dinheiro p\u00fablico, onde um pol\u00edtico recebe parte do sal\u00e1rio de assessores ou funcion\u00e1rios que ele contrata. Esses funcion\u00e1rios s\u00e3o coagidos a repassar uma porcentagem do seu sal\u00e1rio, seja por transfer\u00eancia banc\u00e1ria ou cobrindo despesas do pol\u00edtico.<\/p>\n<p>Essas pr\u00e1ticas s\u00e3o consideradas corrup\u00e7\u00e3o e podem estar ligadas a outros crimes, como lavagem de dinheiro e contrata\u00e7\u00e3o de funcion\u00e1rios fantasmas. Em Itarantim, especula\u00e7\u00f5es sobre esse esquema t\u00eam circulado, e muitos comentam que &#8220;onde h\u00e1 fuma\u00e7a, h\u00e1 fogo&#8221;.<\/p>\n<p>Agora, s\u00e3o necess\u00e1rias investiga\u00e7\u00f5es mais detalhadas, incluindo an\u00e1lises de portais de transpar\u00eancia e, se autorizado pela justi\u00e7a, o desbloqueio de contas para verificar a veracidade dessas\u00a0alega\u00e7\u00f5es.<\/p>\n","protected":false},"excerpt":{"rendered":"<p>Uma bomba pode explodir na Prefeitura de Itarantim nos pr\u00f3ximos meses. Um poss\u00edvel esquema de &#8220;rachadinha&#8221; pode estar ocorrendo na Prefeitura de Itarantim, envolvendo funcion\u00e1rios de primeiro, segundo e terceiro escal\u00e3o. A reda\u00e7\u00e3o do site Cr\u00f4nicas de Itarantim recebeu diversas informa\u00e7\u00f5es sobre o assunto e, nos \u00faltimos meses, acompanhou o caso por meio de relatos an\u00f4nimos. De acordo com as informa\u00e7\u00f5es colhidas, j\u00e1 existem den\u00fancias sendo feitas na justi\u00e7a, com ind\u00edcios s\u00e9rios que podem confirmar a exist\u00eancia de rachadinha no governo do prefeito F\u00e1bio Gusm\u00e3o. Os \u00faltimos acontecimentos, incluindo demiss\u00f5es na prefeitura, t\u00eam chamado a aten\u00e7\u00e3o da imprensa e da [&hellip;]<\/p>\n","protected":false},"author":4,"featured_media":148503,"comment_status":"open","ping_status":"open","sticky":false,"template":"","format":"standard","meta":[],"categories":[304],"tags":[3310,1780,385,618],"_links":{"self":[{"href":"https:\/\/www.cronicasdeitarantim.com.br\/v1\/wp-json\/wp\/v2\/posts\/176808"}],"collection":[{"href":"https:\/\/www.cronicasdeitarantim.com.br\/v1\/wp-json\/wp\/v2\/posts"}],"about":[{"href":"https:\/\/www.cronicasdeitarantim.com.br\/v1\/wp-json\/wp\/v2\/types\/post"}],"author":[{"embeddable":true,"href":"https:\/\/www.cronicasdeitarantim.com.br\/v1\/wp-json\/wp\/v2\/users\/4"}],"replies":[{"embeddable":true,"href":"https:\/\/www.cronicasdeitarantim.com.br\/v1\/wp-json\/wp\/v2\/comments?post=176808"}],"version-history":[{"count":1,"href":"https:\/\/www.cronicasdeitarantim.com.br\/v1\/wp-json\/wp\/v2\/posts\/176808\/revisions"}],"predecessor-version":[{"id":176809,"href":"https:\/\/www.cronicasdeitarantim.com.br\/v1\/wp-json\/wp\/v2\/posts\/176808\/revisions\/176809"}],"wp:featuredmedia":[{"embeddable":true,"href":"https:\/\/www.cronicasdeitarantim.com.br\/v1\/wp-json\/wp\/v2\/media\/148503"}],"wp:attachment":[{"href":"https:\/\/www.cronicasdeitarantim.com.br\/v1\/wp-json\/wp\/v2\/media?parent=176808"}],"wp:term":[{"taxonomy":"category","embeddable":true,"href":"https:\/\/www.cronicasdeitarantim.com.br\/v1\/wp-json\/wp\/v2\/categories?post=176808"},{"taxonomy":"post_tag","embeddable":true,"href":"https:\/\/www.cronicasdeitarantim.com.br\/v1\/wp-json\/wp\/v2\/tags?post=176808"}],"curies":[{"name":"wp","href":"https:\/\/api.w.org\/{rel}","templated":true}]}}